{"id":914,"date":"2014-05-28T12:50:24","date_gmt":"2014-05-28T12:50:24","guid":{"rendered":"http:\/\/www.obispadorqta.org.ar\/v3\/nuevas-tomas-de-posesion-2\/"},"modified":"2014-05-28T12:50:24","modified_gmt":"2014-05-28T12:50:24","slug":"nuevas-tomas-de-posesion-2","status":"publish","type":"post","link":"https:\/\/www.obispadorqta.org.ar\/v3\/nuevas-tomas-de-posesion-2\/","title":{"rendered":"Nuevas Tomas de Posesi\u00f3n"},"content":{"rendered":"<p><font color=\"#000000\">Informamos a toda la comunidad diocesana la fecha y horario de Toma de Posesi\u00f3n de los Pbro. Carlos Silvestri y Rolando Gonzalez.-<\/font><\/p>\n<p><img loading=\"lazy\" decoding=\"async\" src=\"https:\/\/scontent-b-mia.xx.fbcdn.net\/hphotos-xfa1\/t1.0-9\/299648_126163480813485_2576016_n.jpg\" border=\"0\" width=\"133\" height=\"100\" align=\"left\" \/><\/p>\n<p><font color=\"#000000\">El <strong>Pbro. Carlos Silvestri<\/strong>, tomar\u00e1 posesi\u00f3n como Cura P\u00e1rroco de la Parroquia \u201cSanta Catalina\u201d de Alejandra, el d\u00eda <u>s\u00e1bado 31 de mayo a las 18.00 hs<\/u> en el Templo Parroqui<\/font><img loading=\"lazy\" decoding=\"async\" src=\"https:\/\/fbcdn-sphotos-g-a.akamaihd.net\/hphotos-ak-xaf1\/t1.0-9\/185353_126155330814300_3460939_n.jpg\" border=\"0\" width=\"112\" height=\"123\" align=\"right\" \/><font color=\"#000000\">al.<\/font><\/p>\n<p><font color=\"#000000\">El <strong>Pbro. Rolando Danilo Gonzalez<\/strong>, asumir\u00e1 la conducci\u00f3n de la Parroquia \u201cSan Juan Bautista\u201d de Vera, el d\u00eda <u>domingo 01 de junio a las 19.00 hs<\/u>. en el Templo Parroquial.<\/font><\/p>\n<p><font color=\"#000000\">Ambas Celebraciones ser\u00e1 presidida por nuestro Obispo Diocesano Mons. \u00c1ngel Jos\u00e9 Mac\u00edn.-<\/font><\/p>\n<p><font color=\"#000000\">Se invita a toda la comunidad diocesana a participar y a acompa\u00f1arlos con nuestra oraci\u00f3n.<\/font><\/p>\n","protected":false},"excerpt":{"rendered":"<div class=\"mh-excerpt\"><p>Informamos a toda la comunidad diocesana la fecha y horario de Toma de Posesi\u00f3n de los Pbro. Carlos Silvestri y Rolando Gonzalez.- El Pbro. Carlos <a class=\"mh-excerpt-more\" href=\"https:\/\/www.obispadorqta.org.ar\/v3\/nuevas-tomas-de-posesion-2\/\" title=\"Nuevas Tomas de Posesi\u00f3n\">[&#8230;]<\/a><\/p>\n<\/div>","protected":false},"author":1,"featured_media":0,"comment_status":"open","ping_status":"open","sticky":false,"template":"","format":"standard","meta":{"footnotes":""},"categories":[28],"tags":[],"class_list":["post-914","post","type-post","status-publish","format-standard","hentry","category-latest-news"],"_links":{"self":[{"href":"https:\/\/www.obispadorqta.org.ar\/v3\/wp-json\/wp\/v2\/posts\/914","targetHints":{"allow":["GET"]}}],"collection":[{"href":"https:\/\/www.obispadorqta.org.ar\/v3\/wp-json\/wp\/v2\/posts"}],"about":[{"href":"https:\/\/www.obispadorqta.org.ar\/v3\/wp-json\/wp\/v2\/types\/post"}],"author":[{"embeddable":true,"href":"https:\/\/www.obispadorqta.org.ar\/v3\/wp-json\/wp\/v2\/users\/1"}],"replies":[{"embeddable":true,"href":"https:\/\/www.obispadorqta.org.ar\/v3\/wp-json\/wp\/v2\/comments?post=914"}],"version-history":[{"count":0,"href":"https:\/\/www.obispadorqta.org.ar\/v3\/wp-json\/wp\/v2\/posts\/914\/revisions"}],"wp:attachment":[{"href":"https:\/\/www.obispadorqta.org.ar\/v3\/wp-json\/wp\/v2\/media?parent=914"}],"wp:term":[{"taxonomy":"category","embeddable":true,"href":"https:\/\/www.obispadorqta.org.ar\/v3\/wp-json\/wp\/v2\/categories?post=914"},{"taxonomy":"post_tag","embeddable":true,"href":"https:\/\/www.obispadorqta.org.ar\/v3\/wp-json\/wp\/v2\/tags?post=914"}],"curies":[{"name":"wp","href":"https:\/\/api.w.org\/{rel}","templated":true}]}}