{"id":92,"date":"2009-07-23T12:44:24","date_gmt":"2009-07-23T15:44:24","guid":{"rendered":"http:\/\/www.obispadorqta.org.ar\/v3\/parroquia-v-ana\/"},"modified":"2025-03-21T07:53:01","modified_gmt":"2025-03-21T10:53:01","slug":"parroquia-v-ana","status":"publish","type":"post","link":"https:\/\/www.obispadorqta.org.ar\/v3\/parroquia-v-ana\/","title":{"rendered":"Parroquia Villa Ana"},"content":{"rendered":"<p><strong>SAGRADO CORAZ\u00d3N DE JES\u00daS<\/strong><\/p>\n<p>(Erigida: 08\/02\/1945)<\/p>\n<p><strong>Fecha Patronal:<\/strong> D\u00eda de la Solemnidad<\/p>\n<p><strong>Direcci\u00f3n:<\/strong>\u00a0 25 de Mayo S\/N<br \/>\n<strong>Tel\u00e9fono:<\/strong>\u00a0 3482 &#8211; 766050<\/p>\n<p>Atenci\u00f3n Secretar\u00eda Parroquial: Mi\u00e9rcoles y Viernes de 17:30 hs a 19:00 hs.<br \/>\nEmail:<br \/>\nHorario de Misas<br \/>\nSede Parroquial:<\/p>\n<p><strong>P\u00e1rroco: Pbro. Eduardo Fabi\u00e1n Ramos<\/strong><\/p>\n<p><strong>CAPILLAS<\/strong><\/p>\n<p><strong>San Roque.<\/strong><br \/>\nKm. 41<\/p>\n<p><strong>San Antonio<\/strong><br \/>\nCampo Ubaj\u00f3<\/p>\n<p><strong>Santa Ana<\/strong><br \/>\nLas Claritas<\/p>\n<p><strong>San Juan Bautista<\/strong><br \/>\nEl Piave<\/p>\n<p><strong>San Jos\u00e9<\/strong><br \/>\nLa Reserva<\/p>\n<p><strong>Nuestra Se\u00f1ora de Itat\u00ed<\/strong><br \/>\nBarrio Sur<\/p>\n<p><strong>San Cayetano<\/strong><br \/>\nBarrio San Cayetano<\/p>\n<p><u><strong>\u00a0<\/strong><\/u><\/p>\n","protected":false},"excerpt":{"rendered":"<div class=\"mh-excerpt\"><p>SAGRADO CORAZ\u00d3N DE JES\u00daS (Erigida: 08\/02\/1945) Fecha Patronal: D\u00eda de la Solemnidad Direcci\u00f3n:\u00a0 25 de Mayo S\/N Tel\u00e9fono:\u00a0 3482 &#8211; 766050 Atenci\u00f3n Secretar\u00eda Parroquial: Mi\u00e9rcoles <a class=\"mh-excerpt-more\" href=\"https:\/\/www.obispadorqta.org.ar\/v3\/parroquia-v-ana\/\" title=\"Parroquia Villa Ana\">[&#8230;]<\/a><\/p>\n<\/div>","protected":false},"author":1,"featured_media":7152,"comment_status":"closed","ping_status":"open","sticky":false,"template":"","format":"standard","meta":{"footnotes":""},"categories":[17],"tags":[],"class_list":["post-92","post","type-post","status-publish","format-standard","has-post-thumbnail","hentry","category-parroquias"],"_links":{"self":[{"href":"https:\/\/www.obispadorqta.org.ar\/v3\/wp-json\/wp\/v2\/posts\/92","targetHints":{"allow":["GET"]}}],"collection":[{"href":"https:\/\/www.obispadorqta.org.ar\/v3\/wp-json\/wp\/v2\/posts"}],"about":[{"href":"https:\/\/www.obispadorqta.org.ar\/v3\/wp-json\/wp\/v2\/types\/post"}],"author":[{"embeddable":true,"href":"https:\/\/www.obispadorqta.org.ar\/v3\/wp-json\/wp\/v2\/users\/1"}],"replies":[{"embeddable":true,"href":"https:\/\/www.obispadorqta.org.ar\/v3\/wp-json\/wp\/v2\/comments?post=92"}],"version-history":[{"count":6,"href":"https:\/\/www.obispadorqta.org.ar\/v3\/wp-json\/wp\/v2\/posts\/92\/revisions"}],"predecessor-version":[{"id":10865,"href":"https:\/\/www.obispadorqta.org.ar\/v3\/wp-json\/wp\/v2\/posts\/92\/revisions\/10865"}],"wp:featuredmedia":[{"embeddable":true,"href":"https:\/\/www.obispadorqta.org.ar\/v3\/wp-json\/wp\/v2\/media\/7152"}],"wp:attachment":[{"href":"https:\/\/www.obispadorqta.org.ar\/v3\/wp-json\/wp\/v2\/media?parent=92"}],"wp:term":[{"taxonomy":"category","embeddable":true,"href":"https:\/\/www.obispadorqta.org.ar\/v3\/wp-json\/wp\/v2\/categories?post=92"},{"taxonomy":"post_tag","embeddable":true,"href":"https:\/\/www.obispadorqta.org.ar\/v3\/wp-json\/wp\/v2\/tags?post=92"}],"curies":[{"name":"wp","href":"https:\/\/api.w.org\/{rel}","templated":true}]}}