{"id":920,"date":"2014-06-02T15:45:10","date_gmt":"2014-06-02T15:45:10","guid":{"rendered":"http:\/\/www.obispadorqta.org.ar\/v3\/laalegria\/"},"modified":"2014-06-02T15:45:10","modified_gmt":"2014-06-02T15:45:10","slug":"laalegria","status":"publish","type":"post","link":"https:\/\/www.obispadorqta.org.ar\/v3\/laalegria\/","title":{"rendered":"La alegr\u00eda de compartir"},"content":{"rendered":"<div style=\"text-align: center\"><img loading=\"lazy\" decoding=\"async\" src=\"https:\/\/scontent-a-mia.xx.fbcdn.net\/hphotos-xfp1\/t1.0-9\/10398044_614880108608484_4345603356841693759_n.jpg\" border=\"0\" width=\"400\" height=\"300\" \/>\u00a0<\/div>\n<div>\u00a0<\/div>\n<div>\u00a0<span style=\"text-align: justify; line-height: 1.3em\">El d\u00eda viernes 30 de mayo se llev\u00f3 a cabo la presentaci\u00f3n del proyecto denominado \u201cLa alegr\u00eda de compartir\u201d por parte de C\u00e1ritas Parroquial de Avellaneda, contando con la presencia del Obispo Diocesano, Mons. \u00c1ngel Jos\u00e9 Mac\u00edn, representantes de C\u00e1ritas parroquial y diocesana, autoridades municipales y p\u00fablico en general.<\/span><\/div>\n<p style=\"text-align: justify\" class=\"MsoNormal\">El proyecto que nace por la crisis generada por la emergencia habitacional que existe en dicha ciudad, y que se evidenci\u00f3 a\u00fan m\u00e1s luego de las usurpaciones de terrenos que se comenzaron a suceder en el 2013; se enfoca en brindar un mejoramiento de los niveles y la calidad de vida de tantas familias que viven este flagelo, apelando principalmente al aporte tanto de las diversas instituciones que son responsables de brindar soluciones a este tipo de situaciones, como de la comunidad toda, haciendo hincapi\u00e9 en la solidaridad, en la necesidad de construir para generar un entorno m\u00e1s cercano y familiar, m\u00e1s humano, m\u00e1s cristiano, m\u00e1s comunidad.<\/p>\n<p style=\"text-align: justify\" class=\"MsoNormal\">B\u00e1sicamente el proyecto propone la construcci\u00f3n de 10 viviendas en espacios otorgados tanto por el municipio como por eventuales donaciones, y la construcci\u00f3n se llevar\u00e1 a cabo con materiales donados y la mano de obra de voluntarios; de all\u00ed la necesidad de crear una red de personas que est\u00e9n dispuestas a brindar su generosidad hacia los dem\u00e1s.<\/p>\n<p style=\"text-align: justify\" class=\"MsoNormal\">Las familias destinatarias ser\u00e1n seleccionadas teniendo en cuenta diversos criterios. Fundamentalmente se apunta a las familias cuyos ingresos no superan los $1.000 mensuales y\/o que viven en situaci\u00f3n de precariedad y hacinamiento, y a todas aquellas que de otro modo no podr\u00edan tener acceso a la vivienda propia.<\/p>\n<p style=\"text-align: center\" class=\"MsoNormal\"><img loading=\"lazy\" decoding=\"async\" src=\"https:\/\/fbcdn-sphotos-h-a.akamaihd.net\/hphotos-ak-xpf1\/t1.0-9\/1959348_614880118608483_4990639612590608993_n.jpg\" border=\"0\" width=\"400\" height=\"300\" \/>\u00a0<\/p>\n<p style=\"text-align: justify\" class=\"MsoNormal\">En la b\u00fasqueda de ese fin, es que este proyecto insta a aquellos de corazones generosos a crear una red solidaria de trabajo, desde lo poco o mucho que cada uno de nosotros podemos aportar a aquellos que nos necesitan, ya sea desde lo econ\u00f3mico, como la asistencia profesional, la mano de obra o simplemente, sumarse para darle impulso a este proyecto que sin lugar a dudas habla de nuestra condici\u00f3n de cristiano, de humano.<\/p>\n<p style=\"text-align: justify\" class=\"MsoNormal\">Asimismo, m\u00e1s all\u00e1 de que es un proyecto que nace en el seno de C\u00e1ritas parroquial de Avellaneda, la intenci\u00f3n de los que trabajan en este proyecto, es darle un alcance diocesano, para as\u00ed poder generar una red a\u00fan m\u00e1s fuerte y estable, y afrontar la realidad que no es exclusiva de una ciudad o localidad.<\/p>\n<p style=\"text-align: center\" class=\"MsoNormal\"><img loading=\"lazy\" decoding=\"async\" src=\"https:\/\/fbcdn-sphotos-b-a.akamaihd.net\/hphotos-ak-xfp1\/t1.0-9\/10426850_614880121941816_510019802731369399_n.jpg\" border=\"0\" width=\"400\" height=\"300\" \/>\u00a0<\/p>\n<p style=\"text-align: justify\" class=\"MsoNormal\">Este proyecto necesita de toda la comunidad, desde el lugar que nos ocupa, ya sea trabajando en la construcci\u00f3n de las viviendas, el aporte econ\u00f3mico, o la difusi\u00f3n del mismo, cuanto m\u00e1s personas nos sumemos a este hermoso proyecto, m\u00e1s podremos ayudar y d\u00eda a d\u00eda, caminaremos a una sociedad m\u00e1s justa, con la satisfacci\u00f3n de que fuimos y somos participes necesarios de ese cambio.<\/p>\n<div>\u00a0<\/div>\n<div>\u00a0<\/div>\n","protected":false},"excerpt":{"rendered":"<div class=\"mh-excerpt\"><div style=\"text-align: center\"><img loading=\"lazy\" decoding=\"async\" src=\"https:\/\/scontent-a-mia.xx.fbcdn.net\/hphotos-xfp1\/t1.0-9\/10398044_614880108608484_4345603356841693759_n.jpg\" border=\"0\" width=\"400\" height=\"300\" \/>\u00a0<\/div>\n<div>\u00a0<\/div>\n<div>\u00a0<span style=\"text-align: justify; line-height: 1.3em\">El d\u00eda viernes 30 de mayo se llev\u00f3 a cabo la presentaci\u00f3n del proyecto denominado \u201cLa alegr\u00eda de compartir\u201d por parte de C\u00e1ritas Parroquial de Avellaneda, contando con la presencia del Obispo Diocesano, Mons. \u00c1ngel Jos\u00e9 Mac\u00edn, representantes de C\u00e1ritas parroquial y diocesana, autoridades municipales y p\u00fablico en general.<\/span><\/div>\n<\/div>","protected":false},"author":1,"featured_media":0,"comment_status":"open","ping_status":"open","sticky":false,"template":"","format":"standard","meta":{"footnotes":""},"categories":[28],"tags":[],"class_list":["post-920","post","type-post","status-publish","format-standard","hentry","category-latest-news"],"_links":{"self":[{"href":"https:\/\/www.obispadorqta.org.ar\/v3\/wp-json\/wp\/v2\/posts\/920","targetHints":{"allow":["GET"]}}],"collection":[{"href":"https:\/\/www.obispadorqta.org.ar\/v3\/wp-json\/wp\/v2\/posts"}],"about":[{"href":"https:\/\/www.obispadorqta.org.ar\/v3\/wp-json\/wp\/v2\/types\/post"}],"author":[{"embeddable":true,"href":"https:\/\/www.obispadorqta.org.ar\/v3\/wp-json\/wp\/v2\/users\/1"}],"replies":[{"embeddable":true,"href":"https:\/\/www.obispadorqta.org.ar\/v3\/wp-json\/wp\/v2\/comments?post=920"}],"version-history":[{"count":0,"href":"https:\/\/www.obispadorqta.org.ar\/v3\/wp-json\/wp\/v2\/posts\/920\/revisions"}],"wp:attachment":[{"href":"https:\/\/www.obispadorqta.org.ar\/v3\/wp-json\/wp\/v2\/media?parent=920"}],"wp:term":[{"taxonomy":"category","embeddable":true,"href":"https:\/\/www.obispadorqta.org.ar\/v3\/wp-json\/wp\/v2\/categories?post=920"},{"taxonomy":"post_tag","embeddable":true,"href":"https:\/\/www.obispadorqta.org.ar\/v3\/wp-json\/wp\/v2\/tags?post=920"}],"curies":[{"name":"wp","href":"https:\/\/api.w.org\/{rel}","templated":true}]}}