{"id":922,"date":"2014-06-04T12:33:33","date_gmt":"2014-06-04T12:33:33","guid":{"rendered":"http:\/\/www.obispadorqta.org.ar\/v3\/vigilia-de-pentecostes-para-jovenes-3\/"},"modified":"2014-06-04T12:33:33","modified_gmt":"2014-06-04T12:33:33","slug":"vigilia-de-pentecostes-para-jovenes-3","status":"publish","type":"post","link":"https:\/\/www.obispadorqta.org.ar\/v3\/vigilia-de-pentecostes-para-jovenes-3\/","title":{"rendered":"Vigilia de Pentecost\u00e9s para J\u00f3venes"},"content":{"rendered":"<div align=\"justify\" style=\"font-family: Georgia,Times New Roman,Times,serif; font-size: 14px; font-style: normal; line-height: normal; text-align: center\">\u00a0<\/div>\n<div align=\"justify\" style=\"font-family: Georgia,Times New Roman,Times,serif; font-size: 14px; font-style: normal; line-height: normal; text-align: center\"><font color=\"#000000\"><strong><em style=\"font-family: Geneva,Arial,Helvetica,sans-serif; font-size: 14px; font-style: italic; line-height: normal\">\u201cMovidos por el Esp\u00edritu Santo\u201d<\/em><\/strong><\/font><br \/><img loading=\"lazy\" decoding=\"async\" src=\"https:\/\/fbcdn-sphotos-e-a.akamaihd.net\/hphotos-ak-xfp1\/t1.0-9\/984106_730477440343443_7336905549836343617_n.jpg\" border=\"0\" width=\"219\" height=\"320\" align=\"middle\" \/><em> <br \/><\/em><\/div>\n<div style=\"font-family: Arial,Helvetica,sans-serif; font-size: 10px; font-style: normal; line-height: normal; text-align: center\">\n<div align=\"justify\"><em><font color=\"#000000\">\u00abEstamos comenzando una nueva etapa. Una etapa que nos entusiasma, con la figura del Papa Francisco que nos invita a salir de nosotros mismos, de nuestros miedos, de nuestras comunidades y a encontrarnos con aquellos que esperan la alegr\u00eda de la buena noticia del Reino, y tambi\u00e9n con aquellos que han perdido la fe o les resulta totalmente indiferente. No perdamos esta oportunidad. Todos podemos ser misioneros (\u2026)<br \/><\/font><\/em><\/div>\n<div align=\"justify\"><font color=\"#000000\"><em><strong>Los j\u00f3venes, sobre todo los j\u00f3venes, con su fuerza y su energ\u00eda<\/strong> \u00a1No dejemos de gustar la dulce y confortable alegr\u00eda de evangelizar! \u00a1No perdamos esta oportunidad \u00fanica e irrepetible que el Se\u00f1or nos ofrece!\u00bb<\/em><br \/><\/font><\/div>\n<div align=\"justify\">\u00a0<\/div>\n<div align=\"right\"><font style=\"font-size: 9px\" color=\"#000000\">Carta Pastoral Cuaresma 2014<br \/>Mons. \u00c1ngel Jos\u00e9 Mac\u00edn.<\/font><\/div>\n<\/div>\n<div style=\"font-family: Arial,Helvetica,sans-serif; font-size: 12px; font-style: normal; line-height: normal; text-align: center\">\n<div align=\"justify\">\u00a0<\/div>\n<div align=\"justify\"><font color=\"#000000\">La pastoral de Juventud de la Di\u00f3cesis de Reconquista, invita al <strong>Encuentro Diocesano de J\u00f3venes.<\/strong><br \/>Ser\u00e1 este <strong>s\u00e1bado 07 de Junio de 2014 desde las 19.00 en el Club Arno de Villa Ocampo<\/strong>, situado en calle 25 de mayo al 1900 de dicha ciudad.<\/font><\/div>\n<div align=\"justify\"><font color=\"#000000\">\u00a0<\/font><\/div>\n<div align=\"justify\"><font color=\"#000000\">Compartiremos momentos de oraci\u00f3n, reflexi\u00f3n, di\u00e1logo y encuentro con j\u00f3venes de otros lugares de nuestra di\u00f3cesis. Nos acompa\u00f1ar\u00e1 el ministerio de m\u00fasica Pan de Vida.<\/font><\/div>\n<div align=\"center\"><font color=\"#000000\">\u00a0<\/font><\/div>\n<div align=\"center\"><font color=\"#000000\">Los esperamos!!!!!!!<\/font><\/div>\n<p><\/p>\n<div align=\"right\"><font color=\"#000000\">Pastoral de Juventud <\/font><br \/><font color=\"#000000\">Di\u00f3cesis de Reconquista <\/font><\/div>\n<\/div>\n","protected":false},"excerpt":{"rendered":"<div class=\"mh-excerpt\"><div align=\"justify\" style=\"font-family: Georgia,Times New Roman,Times,serif; font-size: 14px; font-style: normal; line-height: normal; text-align: center\">\u00a0<\/div>\n<div align=\"justify\" style=\"font-family: Georgia,Times New Roman,Times,serif; font-size: 14px; font-style: normal; line-height: normal; text-align: center\"><font color=\"#000000\"><strong><em style=\"font-family: Geneva,Arial,Helvetica,sans-serif; font-size: 14px; font-style: italic; line-height: normal\">\u201cMovidos por el Esp\u00edritu Santo\u201d<\/em><\/strong><\/font><br \/><img loading=\"lazy\" decoding=\"async\" src=\"https:\/\/fbcdn-sphotos-e-a.akamaihd.net\/hphotos-ak-xfp1\/t1.0-9\/984106_730477440343443_7336905549836343617_n.jpg\" border=\"0\" width=\"219\" height=\"320\" align=\"middle\" \/><em> <br \/><\/em><\/div>\n<div style=\"font-family: Arial,Helvetica,sans-serif; font-size: 10px; font-style: normal; line-height: normal; text-align: center\">\n<div align=\"justify\"><em><font color=\"#000000\">\u00abEstamos comenzando una nueva etapa. Una etapa que nos entusiasma, con la figura del Papa Francisco que nos invita a salir de nosotros mismos, de nuestros miedos, de nuestras comunidades y a encontrarnos con aquellos que esperan la alegr\u00eda de la buena noticia del Reino, y tambi\u00e9n con aquellos que han perdido la fe o les resulta totalmente indiferente. No perdamos esta oportunidad. Todos podemos ser misioneros (\u2026)<br \/><\/font><\/em><\/div>\n<div align=\"justify\"><font color=\"#000000\"><em><strong>Los j\u00f3venes, sobre todo los j\u00f3venes, con su fuerza y su energ\u00eda<\/strong> \u00a1No dejemos de gustar la dulce y confortable alegr\u00eda de evangelizar! \u00a1No perdamos esta oportunidad \u00fanica e irrepetible que el Se\u00f1or nos ofrece!\u00bb<\/em><br \/><\/font><\/div>\n<div align=\"justify\">\u00a0<\/div>\n<div align=\"right\"><font style=\"font-size: 9px\" color=\"#000000\">Carta Pastoral Cuaresma 2014<br \/>Mons. \u00c1ngel Jos\u00e9 Mac\u00edn.<\/font><\/div>\n<\/div>\n<div style=\"font-family: Arial,Helvetica,sans-serif; font-size: 12px; font-style: normal; line-height: normal; text-align: center\">\n<\/div>","protected":false},"author":1,"featured_media":0,"comment_status":"open","ping_status":"open","sticky":false,"template":"","format":"standard","meta":{"footnotes":""},"categories":[28],"tags":[],"class_list":["post-922","post","type-post","status-publish","format-standard","hentry","category-latest-news"],"_links":{"self":[{"href":"https:\/\/www.obispadorqta.org.ar\/v3\/wp-json\/wp\/v2\/posts\/922","targetHints":{"allow":["GET"]}}],"collection":[{"href":"https:\/\/www.obispadorqta.org.ar\/v3\/wp-json\/wp\/v2\/posts"}],"about":[{"href":"https:\/\/www.obispadorqta.org.ar\/v3\/wp-json\/wp\/v2\/types\/post"}],"author":[{"embeddable":true,"href":"https:\/\/www.obispadorqta.org.ar\/v3\/wp-json\/wp\/v2\/users\/1"}],"replies":[{"embeddable":true,"href":"https:\/\/www.obispadorqta.org.ar\/v3\/wp-json\/wp\/v2\/comments?post=922"}],"version-history":[{"count":0,"href":"https:\/\/www.obispadorqta.org.ar\/v3\/wp-json\/wp\/v2\/posts\/922\/revisions"}],"wp:attachment":[{"href":"https:\/\/www.obispadorqta.org.ar\/v3\/wp-json\/wp\/v2\/media?parent=922"}],"wp:term":[{"taxonomy":"category","embeddable":true,"href":"https:\/\/www.obispadorqta.org.ar\/v3\/wp-json\/wp\/v2\/categories?post=922"},{"taxonomy":"post_tag","embeddable":true,"href":"https:\/\/www.obispadorqta.org.ar\/v3\/wp-json\/wp\/v2\/tags?post=922"}],"curies":[{"name":"wp","href":"https:\/\/api.w.org\/{rel}","templated":true}]}}