{"id":9241,"date":"2023-10-10T08:01:07","date_gmt":"2023-10-10T11:01:07","guid":{"rendered":"http:\/\/www.obispadorqta.org.ar\/v3\/?p=9241"},"modified":"2023-10-10T08:01:18","modified_gmt":"2023-10-10T11:01:18","slug":"vi-congreso-misionero-nacional","status":"publish","type":"post","link":"https:\/\/www.obispadorqta.org.ar\/v3\/vi-congreso-misionero-nacional\/","title":{"rendered":"VI CONGRESO MISIONERO NACIONAL"},"content":{"rendered":"<p style=\"text-align: justify;\">En pocos d\u00edas comenzar\u00e1, en San Luis, el VI Congreso Misionero Nacional (COMINA 6), bajo el lema \u00abArgentina, con la fuerza del Esp\u00edritu, testigos de Cristo\u00bb, que se extender\u00e1 desde el 13 al 15 de octubre.<\/p>\n<p style=\"text-align: justify;\">Este congreso tambi\u00e9n se lleva a cabo como preparaci\u00f3n del CAM (Congreso Misionero Americano), que ser\u00e1 en noviembre del a\u00f1o 2024 en Puerto Rico.<\/p>\n<p style=\"text-align: justify;\">Participan delegados de nuestra di\u00f3cesis y de toda nuestra regi\u00f3n NEA.<\/p>\n<p style=\"text-align: justify;\">En este mes misionero, rezamos para que este evento vuelva a impulsar nuestra misi\u00f3n como bautizados y como Iglesia en la Argentina.<\/p>\n","protected":false},"excerpt":{"rendered":"<div class=\"mh-excerpt\"><p>En pocos d\u00edas comenzar\u00e1, en San Luis, el VI Congreso Misionero Nacional (COMINA 6), bajo el lema \u00abArgentina, con la fuerza del Esp\u00edritu, testigos de <a class=\"mh-excerpt-more\" href=\"https:\/\/www.obispadorqta.org.ar\/v3\/vi-congreso-misionero-nacional\/\" title=\"VI CONGRESO MISIONERO NACIONAL\">[&#8230;]<\/a><\/p>\n<\/div>","protected":false},"author":2,"featured_media":9247,"comment_status":"closed","ping_status":"open","sticky":false,"template":"","format":"standard","meta":{"footnotes":""},"categories":[6,28],"tags":[],"class_list":["post-9241","post","type-post","status-publish","format-standard","has-post-thumbnail","hentry","category-news","category-latest-news"],"_links":{"self":[{"href":"https:\/\/www.obispadorqta.org.ar\/v3\/wp-json\/wp\/v2\/posts\/9241","targetHints":{"allow":["GET"]}}],"collection":[{"href":"https:\/\/www.obispadorqta.org.ar\/v3\/wp-json\/wp\/v2\/posts"}],"about":[{"href":"https:\/\/www.obispadorqta.org.ar\/v3\/wp-json\/wp\/v2\/types\/post"}],"author":[{"embeddable":true,"href":"https:\/\/www.obispadorqta.org.ar\/v3\/wp-json\/wp\/v2\/users\/2"}],"replies":[{"embeddable":true,"href":"https:\/\/www.obispadorqta.org.ar\/v3\/wp-json\/wp\/v2\/comments?post=9241"}],"version-history":[{"count":2,"href":"https:\/\/www.obispadorqta.org.ar\/v3\/wp-json\/wp\/v2\/posts\/9241\/revisions"}],"predecessor-version":[{"id":9245,"href":"https:\/\/www.obispadorqta.org.ar\/v3\/wp-json\/wp\/v2\/posts\/9241\/revisions\/9245"}],"wp:featuredmedia":[{"embeddable":true,"href":"https:\/\/www.obispadorqta.org.ar\/v3\/wp-json\/wp\/v2\/media\/9247"}],"wp:attachment":[{"href":"https:\/\/www.obispadorqta.org.ar\/v3\/wp-json\/wp\/v2\/media?parent=9241"}],"wp:term":[{"taxonomy":"category","embeddable":true,"href":"https:\/\/www.obispadorqta.org.ar\/v3\/wp-json\/wp\/v2\/categories?post=9241"},{"taxonomy":"post_tag","embeddable":true,"href":"https:\/\/www.obispadorqta.org.ar\/v3\/wp-json\/wp\/v2\/tags?post=9241"}],"curies":[{"name":"wp","href":"https:\/\/api.w.org\/{rel}","templated":true}]}}