{"id":9257,"date":"2023-10-18T09:35:47","date_gmt":"2023-10-18T12:35:47","guid":{"rendered":"http:\/\/www.obispadorqta.org.ar\/v3\/?p=9257"},"modified":"2023-10-18T09:35:53","modified_gmt":"2023-10-18T12:35:53","slug":"bendicion-de-la-nueva-sede-de-caritas-diocesana","status":"publish","type":"post","link":"https:\/\/www.obispadorqta.org.ar\/v3\/bendicion-de-la-nueva-sede-de-caritas-diocesana\/","title":{"rendered":"Bendici\u00f3n de la nueva Sede de CARITAS Diocesana"},"content":{"rendered":"<p style=\"text-align: justify;\">Con alegr\u00eda, desde el Obispado de Reconquista invitamos a participar de la bendici\u00f3n por parte del Obispo Diocesano, Mons. Dr. \u00c1ngel Jos\u00e9 Mac\u00edn, de la nueva Sede de CARITAS Diocesana, ubicada en calle 2 de abril (41) n\u00ba 2577, barrio Don Juan de la ciudad de Reconquista.<\/p>\n<p style=\"text-align: justify;\">La bendici\u00f3n ser\u00e1 a este viernes 20 de octubre a las 18:00 horas.<\/p>\n<p style=\"text-align: justify;\">Agradecemos a Dios por este acontecimiento de gracia para nuestra di\u00f3cesis, como as\u00ed tambi\u00e9n destacar la important\u00edsima tarea que lleva adelante CARITAS Diocesana en nuestra Iglesia Particular de Reconquista, y en especial para qui\u00e9nes m\u00e1s necesitan.<\/p>\n<p><img loading=\"lazy\" decoding=\"async\" class=\"aligncenter size-full wp-image-9258\" src=\"https:\/\/www.obispadorqta.org.ar\/v3\/wp-content\/uploads\/2023\/10\/IMG-20231018-WA0001-scaled.jpg\" alt=\"\" width=\"1440\" height=\"2560\" srcset=\"https:\/\/www.obispadorqta.org.ar\/v3\/wp-content\/uploads\/2023\/10\/IMG-20231018-WA0001-scaled.jpg 1440w, https:\/\/www.obispadorqta.org.ar\/v3\/wp-content\/uploads\/2023\/10\/IMG-20231018-WA0001-169x300.jpg 169w, https:\/\/www.obispadorqta.org.ar\/v3\/wp-content\/uploads\/2023\/10\/IMG-20231018-WA0001-576x1024.jpg 576w, https:\/\/www.obispadorqta.org.ar\/v3\/wp-content\/uploads\/2023\/10\/IMG-20231018-WA0001-768x1365.jpg 768w, https:\/\/www.obispadorqta.org.ar\/v3\/wp-content\/uploads\/2023\/10\/IMG-20231018-WA0001-864x1536.jpg 864w, https:\/\/www.obispadorqta.org.ar\/v3\/wp-content\/uploads\/2023\/10\/IMG-20231018-WA0001-1152x2048.jpg 1152w\" sizes=\"auto, (max-width: 1440px) 100vw, 1440px\" \/><\/p>\n","protected":false},"excerpt":{"rendered":"<div class=\"mh-excerpt\"><p>Con alegr\u00eda, desde el Obispado de Reconquista invitamos a participar de la bendici\u00f3n por parte del Obispo Diocesano, Mons. Dr. \u00c1ngel Jos\u00e9 Mac\u00edn, de la <a class=\"mh-excerpt-more\" href=\"https:\/\/www.obispadorqta.org.ar\/v3\/bendicion-de-la-nueva-sede-de-caritas-diocesana\/\" title=\"Bendici\u00f3n de la nueva Sede de CARITAS Diocesana\">[&#8230;]<\/a><\/p>\n<\/div>","protected":false},"author":2,"featured_media":9175,"comment_status":"closed","ping_status":"open","sticky":false,"template":"","format":"standard","meta":{"footnotes":""},"categories":[6,28],"tags":[],"class_list":["post-9257","post","type-post","status-publish","format-standard","has-post-thumbnail","hentry","category-news","category-latest-news"],"_links":{"self":[{"href":"https:\/\/www.obispadorqta.org.ar\/v3\/wp-json\/wp\/v2\/posts\/9257","targetHints":{"allow":["GET"]}}],"collection":[{"href":"https:\/\/www.obispadorqta.org.ar\/v3\/wp-json\/wp\/v2\/posts"}],"about":[{"href":"https:\/\/www.obispadorqta.org.ar\/v3\/wp-json\/wp\/v2\/types\/post"}],"author":[{"embeddable":true,"href":"https:\/\/www.obispadorqta.org.ar\/v3\/wp-json\/wp\/v2\/users\/2"}],"replies":[{"embeddable":true,"href":"https:\/\/www.obispadorqta.org.ar\/v3\/wp-json\/wp\/v2\/comments?post=9257"}],"version-history":[{"count":2,"href":"https:\/\/www.obispadorqta.org.ar\/v3\/wp-json\/wp\/v2\/posts\/9257\/revisions"}],"predecessor-version":[{"id":9260,"href":"https:\/\/www.obispadorqta.org.ar\/v3\/wp-json\/wp\/v2\/posts\/9257\/revisions\/9260"}],"wp:featuredmedia":[{"embeddable":true,"href":"https:\/\/www.obispadorqta.org.ar\/v3\/wp-json\/wp\/v2\/media\/9175"}],"wp:attachment":[{"href":"https:\/\/www.obispadorqta.org.ar\/v3\/wp-json\/wp\/v2\/media?parent=9257"}],"wp:term":[{"taxonomy":"category","embeddable":true,"href":"https:\/\/www.obispadorqta.org.ar\/v3\/wp-json\/wp\/v2\/categories?post=9257"},{"taxonomy":"post_tag","embeddable":true,"href":"https:\/\/www.obispadorqta.org.ar\/v3\/wp-json\/wp\/v2\/tags?post=9257"}],"curies":[{"name":"wp","href":"https:\/\/api.w.org\/{rel}","templated":true}]}}