{"id":926,"date":"2014-06-10T11:53:15","date_gmt":"2014-06-10T11:53:15","guid":{"rendered":"http:\/\/www.obispadorqta.org.ar\/v3\/campana-alimentos-y-articulos-de-limpieza-para-el-seminario-interdiocesano-del-nea\/"},"modified":"2014-06-10T11:53:15","modified_gmt":"2014-06-10T11:53:15","slug":"campana-alimentos-y-articulos-de-limpieza-para-el-seminario-interdiocesano-del-nea","status":"publish","type":"post","link":"https:\/\/www.obispadorqta.org.ar\/v3\/campana-alimentos-y-articulos-de-limpieza-para-el-seminario-interdiocesano-del-nea\/","title":{"rendered":"Campa\u00f1a Alimentos  y Art\u00edculos de limpieza para el Seminario Interdiocesano del NEA"},"content":{"rendered":"<div align=\"justify\"><font color=\"#000000\"><img loading=\"lazy\" decoding=\"async\" src=\"http:\/\/www.loteria.chaco.gov.ar\/uploads\/recursos\/SEMINARIO.jpg\" border=\"0\" width=\"231\" height=\"155\" align=\"left\" \/><\/font><\/div>\n<div align=\"justify\">\u00a0<\/div>\n<div align=\"justify\"><font color=\"#000000\">Querida  comunidad Diocesana, queremos recordarles que durante todo el mes de  junio, como todos los a\u00f1os, se realiza en la Di\u00f3cesis de Reconquista la <strong><em>\u201cCampa\u00f1a de alimentos y art\u00edculos de limpieza para el Seminario\u201d<\/em><\/strong> con algunos productos que necesitamos en el Seminario Interdiocesano \u201cLa Encarnaci\u00f3n\u201d de Resistencia.<\/font><\/div>\n<div align=\"justify\">\u00a0<\/div>\n<div align=\"justify\"><font color=\"#000000\">Por  tal motivo se solicita a toda la comunidad diocesana su colaboraci\u00f3n en  la donaci\u00f3n de alimentos no perecederos y art\u00edculos de limpieza e  higiene personal. Los mismos son para los seminaristas que se encuentran  formando para la vida y el ejercicio sacerdotal en el Seminario  Interdiocesano.<\/font><\/p>\n<p><font color=\"#000000\">La lista de las  mercader\u00edas m\u00e1s necesarias en este momento se anexa a continuaci\u00f3n, ya  que gracias a las generosas donaciones, tenemos suficiente cantidad de  fideos, arroz, polenta, aceite, bizcochuelo, gelatina, postre y flan.  Por lo que solicitamos no enviar solamente este tipo de art\u00edculos. <\/font><\/p>\n<p><font color=\"#000000\">Agradecemos desde ya su generosidad, implorando la bendici\u00f3n de Dios sobre cada Comunidad Parroquial.<\/font><\/div>\n<div align=\"justify\">\u00a0<\/div>\n<div align=\"justify\">\u00a0<\/div>\n<div align=\"justify\" style=\"font-family: Arial,Helvetica,sans-serif; font-size: 10px\"><font style=\"font-size: 12px\" color=\"#000000\"><u><strong style=\"font-size: 12px\">ELEMENTOS NECESARIOS<\/strong><\/u><\/font><\/div>\n<div align=\"justify\" style=\"font-family: Arial,Helvetica,sans-serif; font-size: 10px\"><font style=\"font-size: 12px\" color=\"#000000\"><br \/><strong>Art\u00edculos de limpieza<\/strong><br \/>Desodorante de piso<br \/>Cera blanca y roja para piso<br \/>Detergente<br \/>Lavandina<br \/>Esponja (de acero y goma espuma)<br \/>Trapo rejilla y de piso<br \/>Jab\u00f3n en polvo (baja y alta espuma)<br \/>Papel servilleta \/ Rollo de cocina<\/p>\n<p><strong style=\"font-family: Arial,Helvetica,sans-serif; font-size: 12px\">Art\u00edculos de higiene personal<\/strong><br \/>Desodorante<\/font><\/div>\n<div align=\"justify\" style=\"font-family: Arial,Helvetica,sans-serif; font-size: 10px\">\u00a0<\/div>\n<p><font style=\"font-size: 12px\" color=\"#000000\"><strong>Alimentos<\/strong><br \/>Leche en polvo y yerba [prioridad]<br \/>Az\u00facar <br \/>Caf\u00e9<br \/>Mate cocido \u2013 T\u00e9 <br \/>At\u00fan \u2013 Caballa \u2013 Picadillo<br \/>Aderezos<br \/>Levadura<br \/>Grasa vacuna<br \/>Maizena<br \/>Choclo en lata<br \/>Mermeladas <br \/>Dulce de batata\/membrillo<br \/>Galletitas<br \/>Dulce de leche<br \/>Quesos <\/font><\/p>\n","protected":false},"excerpt":{"rendered":"<div class=\"mh-excerpt\"><div align=\"justify\"><font color=\"#000000\"><img loading=\"lazy\" decoding=\"async\" src=\"http:\/\/www.loteria.chaco.gov.ar\/uploads\/recursos\/SEMINARIO.jpg\" border=\"0\" width=\"231\" height=\"155\" align=\"left\" \/><\/font><\/div>\n<div align=\"justify\">\u00a0<\/div>\n<div align=\"justify\"><font color=\"#000000\">Querida  comunidad Diocesana, queremos recordarles que durante todo el mes de  junio, como todos los a\u00f1os, se realiza en la Di\u00f3cesis de Reconquista la <strong><em>\u201cCampa\u00f1a de alimentos y art\u00edculos de limpieza para el Seminario\u201d<\/em><\/strong> con algunos productos que necesitamos en el Seminario Interdiocesano \u201cLa Encarnaci\u00f3n\u201d de Resistencia.<\/font><\/div>\n<div align=\"justify\">\u00a0<\/div>\n<div align=\"justify\"><font color=\"#000000\">Por  tal motivo se solicita a toda la comunidad diocesana su colaboraci\u00f3n en  la donaci\u00f3n de alimentos no perecederos y art\u00edculos de limpieza e  higiene personal. Los mismos son para los seminaristas que se encuentran  formando para la vida y el ejercicio sacerdotal en el Seminario  Interdiocesano.<\/font><\/p>\n<\/div>","protected":false},"author":1,"featured_media":0,"comment_status":"open","ping_status":"open","sticky":false,"template":"","format":"standard","meta":{"footnotes":""},"categories":[28],"tags":[],"class_list":["post-926","post","type-post","status-publish","format-standard","hentry","category-latest-news"],"_links":{"self":[{"href":"https:\/\/www.obispadorqta.org.ar\/v3\/wp-json\/wp\/v2\/posts\/926","targetHints":{"allow":["GET"]}}],"collection":[{"href":"https:\/\/www.obispadorqta.org.ar\/v3\/wp-json\/wp\/v2\/posts"}],"about":[{"href":"https:\/\/www.obispadorqta.org.ar\/v3\/wp-json\/wp\/v2\/types\/post"}],"author":[{"embeddable":true,"href":"https:\/\/www.obispadorqta.org.ar\/v3\/wp-json\/wp\/v2\/users\/1"}],"replies":[{"embeddable":true,"href":"https:\/\/www.obispadorqta.org.ar\/v3\/wp-json\/wp\/v2\/comments?post=926"}],"version-history":[{"count":0,"href":"https:\/\/www.obispadorqta.org.ar\/v3\/wp-json\/wp\/v2\/posts\/926\/revisions"}],"wp:attachment":[{"href":"https:\/\/www.obispadorqta.org.ar\/v3\/wp-json\/wp\/v2\/media?parent=926"}],"wp:term":[{"taxonomy":"category","embeddable":true,"href":"https:\/\/www.obispadorqta.org.ar\/v3\/wp-json\/wp\/v2\/categories?post=926"},{"taxonomy":"post_tag","embeddable":true,"href":"https:\/\/www.obispadorqta.org.ar\/v3\/wp-json\/wp\/v2\/tags?post=926"}],"curies":[{"name":"wp","href":"https:\/\/api.w.org\/{rel}","templated":true}]}}