{"id":9263,"date":"2023-10-30T10:50:25","date_gmt":"2023-10-30T13:50:25","guid":{"rendered":"http:\/\/www.obispadorqta.org.ar\/v3\/?p=9263"},"modified":"2023-10-30T10:50:33","modified_gmt":"2023-10-30T13:50:33","slug":"27o-jornada-de-oracion-santificacion-del-pueblo-de-dios-y-glorificacion-de-sus-siervos","status":"publish","type":"post","link":"https:\/\/www.obispadorqta.org.ar\/v3\/27o-jornada-de-oracion-santificacion-del-pueblo-de-dios-y-glorificacion-de-sus-siervos\/","title":{"rendered":"27\u00ba Jornada de Oraci\u00f3n &#8211; Santificaci\u00f3n del Pueblo de Dios y Glorificaci\u00f3n de sus Siervos"},"content":{"rendered":"<p style=\"text-align: justify;\">El pr\u00f3ximo 1\u00b0 de noviembre la Iglesia Argentina celebra el Jornada Nacional de Oraci\u00f3n por la Santificaci\u00f3n del Pueblo Argentino y la glorificaci\u00f3n de sus Siervos.<\/p>\n<p style=\"text-align: justify;\">En la solemnidad de Todos los Santos, celebrada el 1\u00b0 de noviembre, la Iglesia en la Argentina convoca a todos sus hijos y a cuantos quieran unirse, a elevar una oraci\u00f3n confiada para que Dios siga santificando a su pueblo con frutos abundantes de gracia, que hagan m\u00e1s respetuosa, justa y fraterna la convivencia de todos los argentinos.<\/p>\n<p style=\"text-align: justify;\">A lo largo del camino de la vida, con sus pruebas y dificultades, nos alienta el ejemplo de los santos y beatos, como as\u00ed tambi\u00e9n de muchas otras figuras ejemplares, cuyas Causas de canonizaci\u00f3n se siguen tramitando en la Argentina y en Roma. Por su pronta glorificaci\u00f3n oramos tambi\u00e9n en esta ocasi\u00f3n, para bien de la Iglesia y del mundo.<\/p>\n<p style=\"text-align: justify;\">Adjuntamos material para descargar, con el objetivo de colaborar con la preparaci\u00f3n de estas celebraciones en la di\u00f3cesis y comunidades.<\/p>\n<p><img loading=\"lazy\" decoding=\"async\" class=\"aligncenter size-full wp-image-9266\" src=\"https:\/\/www.obispadorqta.org.ar\/v3\/wp-content\/uploads\/2023\/10\/4.png\" alt=\"\" width=\"1428\" height=\"2000\" srcset=\"https:\/\/www.obispadorqta.org.ar\/v3\/wp-content\/uploads\/2023\/10\/4.png 1428w, https:\/\/www.obispadorqta.org.ar\/v3\/wp-content\/uploads\/2023\/10\/4-214x300.png 214w, https:\/\/www.obispadorqta.org.ar\/v3\/wp-content\/uploads\/2023\/10\/4-731x1024.png 731w, https:\/\/www.obispadorqta.org.ar\/v3\/wp-content\/uploads\/2023\/10\/4-768x1076.png 768w, https:\/\/www.obispadorqta.org.ar\/v3\/wp-content\/uploads\/2023\/10\/4-1097x1536.png 1097w\" sizes=\"auto, (max-width: 1428px) 100vw, 1428px\" \/><\/p>\n<p><img loading=\"lazy\" decoding=\"async\" class=\"aligncenter size-full wp-image-9267\" src=\"https:\/\/www.obispadorqta.org.ar\/v3\/wp-content\/uploads\/2023\/10\/271-JORNADA-DE-ORACION.jpg\" alt=\"\" width=\"1428\" height=\"2000\" srcset=\"https:\/\/www.obispadorqta.org.ar\/v3\/wp-content\/uploads\/2023\/10\/271-JORNADA-DE-ORACION.jpg 1428w, https:\/\/www.obispadorqta.org.ar\/v3\/wp-content\/uploads\/2023\/10\/271-JORNADA-DE-ORACION-214x300.jpg 214w, https:\/\/www.obispadorqta.org.ar\/v3\/wp-content\/uploads\/2023\/10\/271-JORNADA-DE-ORACION-731x1024.jpg 731w, https:\/\/www.obispadorqta.org.ar\/v3\/wp-content\/uploads\/2023\/10\/271-JORNADA-DE-ORACION-768x1076.jpg 768w, https:\/\/www.obispadorqta.org.ar\/v3\/wp-content\/uploads\/2023\/10\/271-JORNADA-DE-ORACION-1097x1536.jpg 1097w\" sizes=\"auto, (max-width: 1428px) 100vw, 1428px\" \/><\/p>\n<p><a href=\"https:\/\/www.causasdelossantosenargentina.org\/content\/download\/415\/3037\/file\/TRIDUO%20EN%20PREPARACI%C3%93N%20AL%20D%C3%8DA%20DE%20TODOS%20LOS%20SANTOS%202023.pdf\">TRIDUO EN PREPARACI\u00d3N AL D\u00cdA DE TODOS LOS SANTOS 2023<\/a><\/p>\n<p><a href=\"https:\/\/www.causasdelossantosenargentina.org\/content\/download\/416\/3040\/file\/Gui%C3%B3n%20a%C3%B1o%202023%20JORNADA%20DE%20LOS%20SANTOS.pdf\">Guion a\u00f1o 2023 JORNADA DE LOS SANTOS<\/a><\/p>\n<p><a href=\"https:\/\/www.causasdelossantosenargentina.org\/content\/download\/422\/3058\/file\/LETAN%C3%8DAS%20DE%20NUESTROS%20SANTOS%20Y%20BEATOS%202023.pdf\">LETAN\u00cdAS DE NUESTROS SANTOS Y BEATOS 2023<\/a><\/p>\n","protected":false},"excerpt":{"rendered":"<div class=\"mh-excerpt\"><p>El pr\u00f3ximo 1\u00b0 de noviembre la Iglesia Argentina celebra el Jornada Nacional de Oraci\u00f3n por la Santificaci\u00f3n del Pueblo Argentino y la glorificaci\u00f3n de sus <a class=\"mh-excerpt-more\" href=\"https:\/\/www.obispadorqta.org.ar\/v3\/27o-jornada-de-oracion-santificacion-del-pueblo-de-dios-y-glorificacion-de-sus-siervos\/\" title=\"27\u00ba Jornada de Oraci\u00f3n &#8211; Santificaci\u00f3n del Pueblo de Dios y Glorificaci\u00f3n de sus Siervos\">[&#8230;]<\/a><\/p>\n<\/div>","protected":false},"author":2,"featured_media":9264,"comment_status":"closed","ping_status":"open","sticky":false,"template":"","format":"standard","meta":{"footnotes":""},"categories":[6,28],"tags":[],"class_list":["post-9263","post","type-post","status-publish","format-standard","has-post-thumbnail","hentry","category-news","category-latest-news"],"_links":{"self":[{"href":"https:\/\/www.obispadorqta.org.ar\/v3\/wp-json\/wp\/v2\/posts\/9263","targetHints":{"allow":["GET"]}}],"collection":[{"href":"https:\/\/www.obispadorqta.org.ar\/v3\/wp-json\/wp\/v2\/posts"}],"about":[{"href":"https:\/\/www.obispadorqta.org.ar\/v3\/wp-json\/wp\/v2\/types\/post"}],"author":[{"embeddable":true,"href":"https:\/\/www.obispadorqta.org.ar\/v3\/wp-json\/wp\/v2\/users\/2"}],"replies":[{"embeddable":true,"href":"https:\/\/www.obispadorqta.org.ar\/v3\/wp-json\/wp\/v2\/comments?post=9263"}],"version-history":[{"count":2,"href":"https:\/\/www.obispadorqta.org.ar\/v3\/wp-json\/wp\/v2\/posts\/9263\/revisions"}],"predecessor-version":[{"id":9268,"href":"https:\/\/www.obispadorqta.org.ar\/v3\/wp-json\/wp\/v2\/posts\/9263\/revisions\/9268"}],"wp:featuredmedia":[{"embeddable":true,"href":"https:\/\/www.obispadorqta.org.ar\/v3\/wp-json\/wp\/v2\/media\/9264"}],"wp:attachment":[{"href":"https:\/\/www.obispadorqta.org.ar\/v3\/wp-json\/wp\/v2\/media?parent=9263"}],"wp:term":[{"taxonomy":"category","embeddable":true,"href":"https:\/\/www.obispadorqta.org.ar\/v3\/wp-json\/wp\/v2\/categories?post=9263"},{"taxonomy":"post_tag","embeddable":true,"href":"https:\/\/www.obispadorqta.org.ar\/v3\/wp-json\/wp\/v2\/tags?post=9263"}],"curies":[{"name":"wp","href":"https:\/\/api.w.org\/{rel}","templated":true}]}}