{"id":9269,"date":"2023-11-02T09:25:18","date_gmt":"2023-11-02T12:25:18","guid":{"rendered":"http:\/\/www.obispadorqta.org.ar\/v3\/?p=9269"},"modified":"2023-11-02T09:25:27","modified_gmt":"2023-11-02T12:25:27","slug":"caritas-encuentro-regional-nea","status":"publish","type":"post","link":"https:\/\/www.obispadorqta.org.ar\/v3\/caritas-encuentro-regional-nea\/","title":{"rendered":"CARITAS &#8211; Encuentro Regional NEA"},"content":{"rendered":"<p style=\"text-align: justify;\">Durante los d\u00edas viernes 3 y s\u00e1bado 4 de noviembre, los equipos de C\u00e1ritas de las di\u00f3cesis que integran la Regi\u00f3n Pastoral NEA se reunir\u00e1n en la Di\u00f3cesis de Reconquista, m\u00e1s precisamente en la casa de retiros \u00abNuestra Se\u00f1ora de Itat\u00ed de la ciudad de Avellaneda, acompa\u00f1ado por el obispo de la di\u00f3cesis de Goya, Mons. Adolfo Ram\u00f3n Canecin, Presidente de C\u00e1ritas Regional, con el acompa\u00f1amiento del Obispo Diocesano, Mons. \u00c1ngel Jos\u00e9 Mac\u00edn, bajo el lema: <strong>\u201cCon Mar\u00eda de Itat\u00ed caminamos en comuni\u00f3n, Participaci\u00f3n y misi\u00f3n de una Iglesia sinodal\u201d<\/strong><\/p>\n<p style=\"text-align: justify;\">Encomendamos nuestras oraciones por los frutos de este encuentro y en agradecimiento a la labor que d\u00eda a d\u00eda llevan adelante las c\u00e1ritas en nuestras comunidades.<\/p>\n<p style=\"text-align: justify;\">A continuaci\u00f3n compartimos el programa previsto para este encuentro:<\/p>\n<p><img loading=\"lazy\" decoding=\"async\" class=\"aligncenter size-full wp-image-9270\" src=\"https:\/\/www.obispadorqta.org.ar\/v3\/wp-content\/uploads\/2023\/11\/Programa-Encuentro-Regional-Noviembre-2023-Reconquista_page-0001.jpg\" alt=\"\" width=\"1241\" height=\"1754\" srcset=\"https:\/\/www.obispadorqta.org.ar\/v3\/wp-content\/uploads\/2023\/11\/Programa-Encuentro-Regional-Noviembre-2023-Reconquista_page-0001.jpg 1241w, https:\/\/www.obispadorqta.org.ar\/v3\/wp-content\/uploads\/2023\/11\/Programa-Encuentro-Regional-Noviembre-2023-Reconquista_page-0001-212x300.jpg 212w, https:\/\/www.obispadorqta.org.ar\/v3\/wp-content\/uploads\/2023\/11\/Programa-Encuentro-Regional-Noviembre-2023-Reconquista_page-0001-725x1024.jpg 725w, https:\/\/www.obispadorqta.org.ar\/v3\/wp-content\/uploads\/2023\/11\/Programa-Encuentro-Regional-Noviembre-2023-Reconquista_page-0001-768x1085.jpg 768w, https:\/\/www.obispadorqta.org.ar\/v3\/wp-content\/uploads\/2023\/11\/Programa-Encuentro-Regional-Noviembre-2023-Reconquista_page-0001-1087x1536.jpg 1087w\" sizes=\"auto, (max-width: 1241px) 100vw, 1241px\" \/><img loading=\"lazy\" decoding=\"async\" class=\"aligncenter size-full wp-image-9271\" src=\"https:\/\/www.obispadorqta.org.ar\/v3\/wp-content\/uploads\/2023\/11\/Programa-Encuentro-Regional-Noviembre-2023-Reconquista_page-0002.jpg\" alt=\"\" width=\"1241\" height=\"1754\" srcset=\"https:\/\/www.obispadorqta.org.ar\/v3\/wp-content\/uploads\/2023\/11\/Programa-Encuentro-Regional-Noviembre-2023-Reconquista_page-0002.jpg 1241w, https:\/\/www.obispadorqta.org.ar\/v3\/wp-content\/uploads\/2023\/11\/Programa-Encuentro-Regional-Noviembre-2023-Reconquista_page-0002-212x300.jpg 212w, https:\/\/www.obispadorqta.org.ar\/v3\/wp-content\/uploads\/2023\/11\/Programa-Encuentro-Regional-Noviembre-2023-Reconquista_page-0002-725x1024.jpg 725w, https:\/\/www.obispadorqta.org.ar\/v3\/wp-content\/uploads\/2023\/11\/Programa-Encuentro-Regional-Noviembre-2023-Reconquista_page-0002-768x1085.jpg 768w, https:\/\/www.obispadorqta.org.ar\/v3\/wp-content\/uploads\/2023\/11\/Programa-Encuentro-Regional-Noviembre-2023-Reconquista_page-0002-1087x1536.jpg 1087w\" sizes=\"auto, (max-width: 1241px) 100vw, 1241px\" \/><\/p>\n","protected":false},"excerpt":{"rendered":"<div class=\"mh-excerpt\"><p>Durante los d\u00edas viernes 3 y s\u00e1bado 4 de noviembre, los equipos de C\u00e1ritas de las di\u00f3cesis que integran la Regi\u00f3n Pastoral NEA se reunir\u00e1n <a class=\"mh-excerpt-more\" href=\"https:\/\/www.obispadorqta.org.ar\/v3\/caritas-encuentro-regional-nea\/\" title=\"CARITAS &#8211; Encuentro Regional NEA\">[&#8230;]<\/a><\/p>\n<\/div>","protected":false},"author":2,"featured_media":7629,"comment_status":"closed","ping_status":"open","sticky":false,"template":"","format":"standard","meta":{"footnotes":""},"categories":[6,28],"tags":[],"class_list":["post-9269","post","type-post","status-publish","format-standard","has-post-thumbnail","hentry","category-news","category-latest-news"],"_links":{"self":[{"href":"https:\/\/www.obispadorqta.org.ar\/v3\/wp-json\/wp\/v2\/posts\/9269","targetHints":{"allow":["GET"]}}],"collection":[{"href":"https:\/\/www.obispadorqta.org.ar\/v3\/wp-json\/wp\/v2\/posts"}],"about":[{"href":"https:\/\/www.obispadorqta.org.ar\/v3\/wp-json\/wp\/v2\/types\/post"}],"author":[{"embeddable":true,"href":"https:\/\/www.obispadorqta.org.ar\/v3\/wp-json\/wp\/v2\/users\/2"}],"replies":[{"embeddable":true,"href":"https:\/\/www.obispadorqta.org.ar\/v3\/wp-json\/wp\/v2\/comments?post=9269"}],"version-history":[{"count":2,"href":"https:\/\/www.obispadorqta.org.ar\/v3\/wp-json\/wp\/v2\/posts\/9269\/revisions"}],"predecessor-version":[{"id":9273,"href":"https:\/\/www.obispadorqta.org.ar\/v3\/wp-json\/wp\/v2\/posts\/9269\/revisions\/9273"}],"wp:featuredmedia":[{"embeddable":true,"href":"https:\/\/www.obispadorqta.org.ar\/v3\/wp-json\/wp\/v2\/media\/7629"}],"wp:attachment":[{"href":"https:\/\/www.obispadorqta.org.ar\/v3\/wp-json\/wp\/v2\/media?parent=9269"}],"wp:term":[{"taxonomy":"category","embeddable":true,"href":"https:\/\/www.obispadorqta.org.ar\/v3\/wp-json\/wp\/v2\/categories?post=9269"},{"taxonomy":"post_tag","embeddable":true,"href":"https:\/\/www.obispadorqta.org.ar\/v3\/wp-json\/wp\/v2\/tags?post=9269"}],"curies":[{"name":"wp","href":"https:\/\/api.w.org\/{rel}","templated":true}]}}