{"id":927,"date":"2014-06-10T13:27:52","date_gmt":"2014-06-10T13:27:52","guid":{"rendered":"http:\/\/www.obispadorqta.org.ar\/v3\/ordenacion-sacerdotal-3\/"},"modified":"2014-06-10T13:27:52","modified_gmt":"2014-06-10T13:27:52","slug":"ordenacion-sacerdotal-3","status":"publish","type":"post","link":"https:\/\/www.obispadorqta.org.ar\/v3\/ordenacion-sacerdotal-3\/","title":{"rendered":"Ordenaci\u00f3n Sacerdotal"},"content":{"rendered":"<div style=\"text-align: center\"><img loading=\"lazy\" decoding=\"async\" src=\"https:\/\/scontent-a-iad.xx.fbcdn.net\/hphotos-xpf1\/t1.0-9\/10463922_618808648215630_2765681856088399721_n.jpg\" border=\"0\" width=\"345\" height=\"587\" \/><\/div>\n<div align=\"justify\" style=\"text-align: center\"> \u00a0<\/div>\n<div style=\"text-align: center\">\n<div align=\"justify\"><font color=\"#000000\"><u><strong>Fray Claudio Javier Mar\u00eda Rosales Lezcano<\/strong><\/u><\/font><\/div>\n<div align=\"justify\">Naci\u00f3 un 28 de diciembre de 1975 en Villa Ocampo, Santa Fe. El Piave fue su colonia natal. Es el primog\u00e9nito de tres hermanos.-<\/div>\n<div align=\"justify\">Sus estudios primarios los realiz\u00f3 en la Escuela de Campo P\u00edccoli, desde 1982 a 1988.-<\/div>\n<div align=\"justify\">Su primera Comuni\u00f3n la realiz\u00f3 en la Capilla San Juan Bautista del Piave, en 1987.-<\/div>\n<div align=\"justify\">En 1989 se instala en la ciudad de Villa Ocampo para sus estudios secundarios,\u00a0 frecuentando 1 a\u00f1o en la Escuela T\u00e9cnica, luego ingreso en el Instituto General Manuel Obligado, concluyendo su etapa en Reconquista.-<\/div>\n<div align=\"justify\">En 1993 realiz\u00f3 una experiencia en Casa Nazaret con los Pobres Siervos, all\u00ed concluyo en 1994 los estudios secundarios.-<\/div>\n<div align=\"justify\">En la parroquia de Villa Ocampo fue miembro del grupo misionero, realiz\u00f3 distintas experiencias de misiones dentro de la parroquia y fuera como en el Chaco (Ingeniero Barbeth, Colonia Elisa, La Escondida).-<\/div>\n<div align=\"justify\">Fueron en esas experiencias de misi\u00f3n donde fue madurando el llamado del Se\u00f1or.-<\/div>\n<div align=\"justify\">En 1997 ingresa al Preseminario Diocesano de Reconquista.-<\/div>\n<div align=\"justify\">Luego en 1998, ingres\u00f3 al Seminario Interdiocesano \u201cLa Encarnaci\u00f3n\u201d de Resistencia hasta 1999 donde interrumpi\u00f3 el proceso formativo.-<\/div>\n<div align=\"justify\">Luego va a trabajar a Buenos Aires y all\u00ed contin\u00faa en tareas misioneras con la Carpa Misionera de la Di\u00f3cesis de Quilmes, misionando las villas m\u00e1s peligrosas de gran Buenos Aire.-<\/div>\n<div align=\"justify\">En el 2002 \/ 2003 comienza un camino de discernimiento con la Orden Siervos de Mar\u00eda con el Pbro. Benito Moresco.-<\/div>\n<div align=\"justify\">Mientras tanto trabaj\u00f3 en gastronom\u00eda en Buenos Aires.-<\/div>\n<div align=\"justify\">En el 2003\/2004 ingreso al postulado de los Siervos de Mar\u00eda en la comunidad de Devoto &#8211;\u00a0 Capital.-<\/div>\n<div align=\"justify\">En el 2005 ingres\u00f3 al pre novicio en F\u00e1tima \u2013 Pilar y el noviciado en el 2006.-<\/div>\n<div align=\"justify\">Emiti\u00f3 sus primeros votos como religioso el 02 de febrero 2006.-<\/div>\n<div align=\"justify\">Luego sus superiores lo env\u00edan a Bolivia, Cochabamba para realizar los estudios de teolog\u00eda, concluy\u00f3 en diciembre de 2010.-<\/div>\n<div align=\"justify\">En el 2011 regres\u00f3 a Devoto por un a\u00f1o.-<\/div>\n<div align=\"justify\">En el 2012 realiz\u00f3 una experiencia de un a\u00f1o de pastoral en la parroquia \u201cSagrado Coraz\u00f3n de Jes\u00fas\u201d de Quilmes.-<\/div>\n<div align=\"justify\">El 12 de enero de 2013 estando en Quilmes, emiti\u00f3 su profesi\u00f3n solemne como religioso Siervo de Mar\u00eda.-<\/div>\n<div align=\"justify\">En el 2013 los superiores lo env\u00edan al sur de Chile, Puerto Montt, all\u00ed se orden\u00f3 diacono el 26 de octubre, por manos del Arzobispo de Puerto Montt, Cristiano Caro.-<\/div>\n<div align=\"justify\">Desde el 26 de enero de 2014 vive en la Parroquia de Las Toscas, donde se prepar\u00f3 para su Ordenaci\u00f3n Sacerdotal. <\/div>\n<\/div>\n","protected":false},"excerpt":{"rendered":"<div class=\"mh-excerpt\"><div style=\"text-align: center\"><img loading=\"lazy\" decoding=\"async\" src=\"https:\/\/scontent-a-iad.xx.fbcdn.net\/hphotos-xpf1\/t1.0-9\/10463922_618808648215630_2765681856088399721_n.jpg\" border=\"0\" width=\"345\" height=\"587\" \/><\/div>\n<div align=\"justify\" style=\"text-align: center\">\n<\/div>","protected":false},"author":1,"featured_media":0,"comment_status":"open","ping_status":"open","sticky":false,"template":"","format":"standard","meta":{"footnotes":""},"categories":[28],"tags":[],"class_list":["post-927","post","type-post","status-publish","format-standard","hentry","category-latest-news"],"_links":{"self":[{"href":"https:\/\/www.obispadorqta.org.ar\/v3\/wp-json\/wp\/v2\/posts\/927","targetHints":{"allow":["GET"]}}],"collection":[{"href":"https:\/\/www.obispadorqta.org.ar\/v3\/wp-json\/wp\/v2\/posts"}],"about":[{"href":"https:\/\/www.obispadorqta.org.ar\/v3\/wp-json\/wp\/v2\/types\/post"}],"author":[{"embeddable":true,"href":"https:\/\/www.obispadorqta.org.ar\/v3\/wp-json\/wp\/v2\/users\/1"}],"replies":[{"embeddable":true,"href":"https:\/\/www.obispadorqta.org.ar\/v3\/wp-json\/wp\/v2\/comments?post=927"}],"version-history":[{"count":0,"href":"https:\/\/www.obispadorqta.org.ar\/v3\/wp-json\/wp\/v2\/posts\/927\/revisions"}],"wp:attachment":[{"href":"https:\/\/www.obispadorqta.org.ar\/v3\/wp-json\/wp\/v2\/media?parent=927"}],"wp:term":[{"taxonomy":"category","embeddable":true,"href":"https:\/\/www.obispadorqta.org.ar\/v3\/wp-json\/wp\/v2\/categories?post=927"},{"taxonomy":"post_tag","embeddable":true,"href":"https:\/\/www.obispadorqta.org.ar\/v3\/wp-json\/wp\/v2\/tags?post=927"}],"curies":[{"name":"wp","href":"https:\/\/api.w.org\/{rel}","templated":true}]}}