{"id":9275,"date":"2023-11-06T11:23:37","date_gmt":"2023-11-06T14:23:37","guid":{"rendered":"http:\/\/www.obispadorqta.org.ar\/v3\/?p=9275"},"modified":"2023-11-06T11:24:35","modified_gmt":"2023-11-06T14:24:35","slug":"123a-asamblea-plenaria-de-la-cea","status":"publish","type":"post","link":"https:\/\/www.obispadorqta.org.ar\/v3\/123a-asamblea-plenaria-de-la-cea\/","title":{"rendered":"123\u00aa Asamblea Plenaria de la CEA"},"content":{"rendered":"<p style=\"text-align: justify;\"><span style=\"color: #000000;\">La 123\u00aa Asamblea Plenaria de la CEA se desarrollar\u00e1, desde hoy, lunes 06 hasta el viernes 10 de noviembre , en la casa de retiros \u00abEl Cen\u00e1culo\u00bb, ubicada en la ciudad bonaerense de Pilar.<\/span><\/p>\n<p style=\"text-align: justify;\"><span style=\"color: #000000;\">La Asamble comenzar\u00e1 hoy por la tarde con el habitual intercambio pastoral y, a las 19.30, monse\u00f1or Ojea presidir\u00e1 la misa de inicio.<\/span><\/p>\n<p style=\"text-align: justify;\"><span style=\"color: #000000;\">Uno de las tem\u00e1ticas principales por desarrollar durante el plenario episcopal ser\u00e1 el camino sinodal de la Iglesia. Los obispos que participaron en Roma de la asamblea sinodal reciente compartir\u00e1n lo vivido y trabajar\u00e1n en un discernimiento comunitario, adem\u00e1s de evaluar c\u00f3mo concretar en la Iglesia en la Argentina el texto de la S\u00edntesis que fue elaborada y difundida al finalizar el encuentro sinodal de octubre, junto al Papa Francisco.<\/span><\/p>\n<p style=\"text-align: justify;\"><span style=\"color: #000000;\">Tambi\u00e9n dedicar\u00e1n un tiempo especial al trabajo relacionado con la pastoral juvenil y las vocaciones, que comenz\u00f3 ya en la asamblea plenaria de abril y estar\u00e1 guiado por la Comisi\u00f3n Episcopal de Ministerios.<\/span><\/p>\n<p style=\"text-align: justify;\"><span style=\"color: #000000;\">A lo largo de las jornadas, tendr\u00e1n lugar presentaciones espec\u00edficas de las comisiones episcopales de C\u00e1ritas, Educaci\u00f3n, Catequesis, y del Consejo de Asuntos Econ\u00f3micos de la CEA.<\/span><\/p>\n<p style=\"text-align: justify;\"><span style=\"color: #000000;\">Se invita a la comunidad cat\u00f3lica a rezar por los pastores que, en fraternidad, viven esta reuni\u00f3n; especialmente para que los frutos de la reciente Asamblea General del S\u00ednodo se puedan vivir y concretar en el caminar del santo pueblo fiel de Dios que peregrina en la Argentina.<\/span><\/p>\n","protected":false},"excerpt":{"rendered":"<div class=\"mh-excerpt\"><p>La 123\u00aa Asamblea Plenaria de la CEA se desarrollar\u00e1, desde hoy, lunes 06 hasta el viernes 10 de noviembre , en la casa de retiros <a class=\"mh-excerpt-more\" href=\"https:\/\/www.obispadorqta.org.ar\/v3\/123a-asamblea-plenaria-de-la-cea\/\" title=\"123\u00aa Asamblea Plenaria de la CEA\">[&#8230;]<\/a><\/p>\n<\/div>","protected":false},"author":3,"featured_media":9276,"comment_status":"closed","ping_status":"open","sticky":false,"template":"","format":"standard","meta":{"footnotes":""},"categories":[6,28],"tags":[],"class_list":["post-9275","post","type-post","status-publish","format-standard","has-post-thumbnail","hentry","category-news","category-latest-news"],"_links":{"self":[{"href":"https:\/\/www.obispadorqta.org.ar\/v3\/wp-json\/wp\/v2\/posts\/9275","targetHints":{"allow":["GET"]}}],"collection":[{"href":"https:\/\/www.obispadorqta.org.ar\/v3\/wp-json\/wp\/v2\/posts"}],"about":[{"href":"https:\/\/www.obispadorqta.org.ar\/v3\/wp-json\/wp\/v2\/types\/post"}],"author":[{"embeddable":true,"href":"https:\/\/www.obispadorqta.org.ar\/v3\/wp-json\/wp\/v2\/users\/3"}],"replies":[{"embeddable":true,"href":"https:\/\/www.obispadorqta.org.ar\/v3\/wp-json\/wp\/v2\/comments?post=9275"}],"version-history":[{"count":2,"href":"https:\/\/www.obispadorqta.org.ar\/v3\/wp-json\/wp\/v2\/posts\/9275\/revisions"}],"predecessor-version":[{"id":9278,"href":"https:\/\/www.obispadorqta.org.ar\/v3\/wp-json\/wp\/v2\/posts\/9275\/revisions\/9278"}],"wp:featuredmedia":[{"embeddable":true,"href":"https:\/\/www.obispadorqta.org.ar\/v3\/wp-json\/wp\/v2\/media\/9276"}],"wp:attachment":[{"href":"https:\/\/www.obispadorqta.org.ar\/v3\/wp-json\/wp\/v2\/media?parent=9275"}],"wp:term":[{"taxonomy":"category","embeddable":true,"href":"https:\/\/www.obispadorqta.org.ar\/v3\/wp-json\/wp\/v2\/categories?post=9275"},{"taxonomy":"post_tag","embeddable":true,"href":"https:\/\/www.obispadorqta.org.ar\/v3\/wp-json\/wp\/v2\/tags?post=9275"}],"curies":[{"name":"wp","href":"https:\/\/api.w.org\/{rel}","templated":true}]}}