{"id":928,"date":"2014-06-16T11:24:44","date_gmt":"2014-06-16T11:24:44","guid":{"rendered":"http:\/\/www.obispadorqta.org.ar\/v3\/discurso-de-presentacion-del-material-de-confirmacion\/"},"modified":"2014-06-16T11:24:44","modified_gmt":"2014-06-16T11:24:44","slug":"discurso-de-presentacion-del-material-de-confirmacion","status":"publish","type":"post","link":"https:\/\/www.obispadorqta.org.ar\/v3\/discurso-de-presentacion-del-material-de-confirmacion\/","title":{"rendered":"Presentaci\u00f3n del Material de Confirmaci\u00f3n \u00abAbriendo Caminos\u00bb"},"content":{"rendered":"<div align=\"center\" style=\"font-family: Verdana,Arial,Helvetica,sans-serif; font-size: 12px\">\u00a0<\/div>\n<div align=\"center\" style=\"font-family: Verdana,Arial,Helvetica,sans-serif; font-size: 12px\">\u00a0<\/div>\n<div style=\"text-align: center\"><img loading=\"lazy\" decoding=\"async\" src=\"https:\/\/fbcdn-sphotos-e-a.akamaihd.net\/hphotos-ak-xpf1\/t1.0-9\/1555307_622076687888826_3507641392699775722_n.jpg\" border=\"0\" width=\"472\" height=\"228\" \/><\/div>\n<p><\/p>\n<div align=\"justify\"><font color=\"#000000\">1.\u00a0\u00a0 \u00a0Hoy vivimos un momento de serena alegr\u00eda en nuestra querida Di\u00f3cesis. La presentaci\u00f3n de este material de confirmaci\u00f3n, fraguado en la experiencia cotidiana de una parroquia, es un signo elocuente de la acci\u00f3n del Esp\u00edritu en la vida de nuestras comunidades. Agradezco a M\u00f3nica Beltramino y Virginia Spreggero por ser instrumentos de esta acci\u00f3n silenciosa pero eficaz del Esp\u00edritu. Les agradezco por su fidelidad a la fe recibida y por su valent\u00eda y audacia para explorar nuevos senderos en tiempos de cambios y transformaciones que reclaman, de un modo urgente, nuevas propuestas. Agradezco tambi\u00e9n al P. Rub\u00e9n Taibo, por acompa\u00f1ar con sabidur\u00eda a su gente y por compartir estos frutos con toda la Di\u00f3cesis. Y, por \u00faltimo, mi gratitud a la Junta Diocesana de Catequesis, por generar el espacio para la gestaci\u00f3n del material y a la editorial PPC, en particular a Andr\u00e9s Telesca, su Director en Argentina, por ofrecer el soporte t\u00e9cnico necesario para la edici\u00f3n del mismo.<br \/><\/font><\/div>\n<p><\/p>\n<div align=\"justify\"><font color=\"#000000\">2.\u00a0\u00a0 \u00a0El material, dirigido a catequistas y catec\u00famenos que se preparan para la confirmaci\u00f3n,\u00a0 me permite realizar algunas precisiones sobre la catequesis de confirmaci\u00f3n y sobre los instrumentos que usamos. Actualmente, los catequistas de confirmaci\u00f3n est\u00e1n utilizando materiales diversos. Hay algunas parroquias que est\u00e1n ensayando nuevos proyectos. El material que hoy presentamos viene a llenar un vac\u00edo para muchas comunidades que no terminan de encontrar el material apropiado y a estimular la creatividad para seguir \u201cabriendo nuevos caminos\u201d.\u00a0 Se trata de un instrumento que se ofrece, para quienes lo quieran adoptar y utilizar, y que puede tambi\u00e9n ser adaptado a diversas situaciones y realidades. En este sentido, a nivel de la preparaci\u00f3n para la confirmaci\u00f3n, el uso de materiales es flexible, o mejor, siempre abierto a nuevos horizontes. El evento de hoy nos anima a compartir las experiencias que venimos haciendo y a valorar el esfuerzo que desde hace a\u00f1os vienen realizando los equipos de catequistas en cada una de las parroquias.<br \/>Diferente ser\u00e1 el caso del nuevo material de CAFA, que Dios mediante estaremos presentando hacia finales de a\u00f1o. Para la preparaci\u00f3n a la comuni\u00f3n, tendremos un material en com\u00fan, para toda la Di\u00f3cesis, producido por la Junta Diocesana de Catequesis, que deber\u00e1 ser asumido por todos, porque ha sido consensuado, en sus l\u00edneas fundamentales, por todas las parroquias.<br \/>Por otra parte, quiero subrayar que el material que hoy se hace p\u00fablico se dirige a los adolescentes, dado que como Di\u00f3cesis hemos asumido desde hace mucho tiempo la opci\u00f3n de que la confirmaci\u00f3n sea el sacramento que culmine el proceso de la iniciaci\u00f3n cristiana. La confirmaci\u00f3n, en efecto, es un sacramento que celebra el don del Esp\u00edritu Santo y, al mismo tiempo, expresa el compromiso que asume quien recibe dicho Don. Sin menguar el valor fundamental del primer aspecto, nuestra catequesis de confirmaci\u00f3n acent\u00faa el segundo, dando oportunidad a los adolescentes y j\u00f3venes a encontrarse con Jes\u00fas y a responder libremente a su llamado. Hasta que no tengamos una estrategia concreta y diferente para acompa\u00f1ar a los adolescentes en el camino de la fe, seguir\u00e1 vigente este criterio: la confirmaci\u00f3n como punto culminante del proceso de iniciaci\u00f3n. Estoy persuadido que es necesario trazar un claro itinerario catequ\u00edstico permanente para un eventual cambio en este punto; de lo contrario, ser\u00eda\u00a0 \u201cabandonar\u201d a los adolescentes en el momento m\u00e1s decisivo de sus vidas.<br \/><\/font><\/div>\n<p><\/p>\n<div align=\"justify\"><font color=\"#000000\">3.\u00a0\u00a0 \u00a0Finalmente, mi agradecimiento a vos, querido P. Rub\u00e9n, por tu trabajo en la Junta Diocesana de Catequesis. Te toc\u00f3 un tiempo especial, de transici\u00f3n, a veces dif\u00edcil. Un trabajo que hoy da sus primeros frutos visibles, en el conjunto de otros tantos no tan visibles. Esto es motivo de profunda gratitud a Dios por tu compromiso con la misi\u00f3n encomendada<br \/>Ahora Dios te llama al silencio del estudio. \u00c9l quiere completar la obra que ha comenzado en ti y la Di\u00f3cesis ofrece el espacio para que esto pueda suceder. Pero no vas a estar s\u00f3lo. Llevas en tu coraz\u00f3n el rostro de la gente, de tu gente, con quienes compartiste tu ministerio, como est\u00edmulo permanente para tu trabajo escondido. Dec\u00eda el Cardenal Pironio, con la sabidur\u00eda de un santo: \u201csolo merece ser dicha la palabra que fue madurada en el silencio\u201d. Esta es la misi\u00f3n que hoy te encomienda la Iglesia Diocesana. Silencio, adoraci\u00f3n y estudio. Le pedimos a Dios que te ayude a amar y abrazar la cruz del silencio y del trabajo acad\u00e9mico, para que la pascua de tu ministerio, renovado por la reflexi\u00f3n teol\u00f3gica, pueda bendecirnos a todos en el futuro, seg\u00fan reza el salmista: \u201cAl ir, iba llorando, llevando la semilla; al volver, vuelve cantando, trayendo sus gavillas\u201d (Sal 125,6).<br \/>Bienvenido P. Walter a esta nueva misi\u00f3n. Alguien de la Junta de Catequesis me dijo d\u00edas atr\u00e1s: es impresionante. Estamos en plena comuni\u00f3n de pensamiento con Walter \u00bfNo es incre\u00edble? Puede parecer incre\u00edble, pero no tanto, si lo miramos desde la fe y el seguimiento de Jes\u00fas. Porque tus a\u00f1os en Roma te fueron preparando para esta instancia. Hoy la Junta Diocesana abre una nueva etapa, recomenzando desde la contemplaci\u00f3n del rostro de Cristo y desde una renovada escucha de la Palabra. Es fundamental que en esta nueva etapa puedan caminar muy unidos, vivir la alegr\u00eda de la comuni\u00f3n, para dar lo mejor en favor de la Di\u00f3cesis. Estoy convencido de que tu presencia va a hacer mucho bien a la Catequesis. Hay mucho por hacer. Hay que integrar nuevos elementos a la Junta, porque \u201cla mies es mucha\u2026\u201d. Hay que continuar trabajando en la elaboraci\u00f3n del nuevo material de CAFA. Hay que preparar a los catequistas para el inicio de la nueva etapa\u2026No quiero asustarte. Son muchos desaf\u00edos. Pero no vas a estar solo. Puedes contar con mi apoyo y mi confianza. El apoyo de los sacerdotes y religiosas. Y con el compromiso de un hermoso grupo de laicos, que aman a Jes\u00fas y a la Iglesia, y que est\u00e1n dispuestos a dar lo mejor para que el eco de la Palabra resuene en el coraz\u00f3n de cada persona y en la Iglesia, casa y escuela de comuni\u00f3n. Gracias a todos por su presencia.<br \/><\/font><\/div>\n<p><\/p>\n<div align=\"right\"><font color=\"#000000\">Reconquista, 14 de Junio de 2014.<\/p>\n<p><strong>+ Mons. \u00c1ngel Jos\u00e9 Mac\u00edn<br \/>Obispo de Reconquista<\/strong><br \/><\/font><\/div>\n","protected":false},"excerpt":{"rendered":"<div class=\"mh-excerpt\"><div align=\"center\" style=\"font-family: Verdana,Arial,Helvetica,sans-serif; font-size: 12px\">\u00a0<\/div>\n<div align=\"center\" style=\"font-family: Verdana,Arial,Helvetica,sans-serif; font-size: 12px\">\u00a0<\/div>\n<div style=\"text-align: center\"><img loading=\"lazy\" decoding=\"async\" src=\"https:\/\/fbcdn-sphotos-e-a.akamaihd.net\/hphotos-ak-xpf1\/t1.0-9\/1555307_622076687888826_3507641392699775722_n.jpg\" border=\"0\" width=\"472\" height=\"228\" \/><\/div>\n<\/div>","protected":false},"author":1,"featured_media":0,"comment_status":"open","ping_status":"open","sticky":false,"template":"","format":"standard","meta":{"footnotes":""},"categories":[28],"tags":[],"class_list":["post-928","post","type-post","status-publish","format-standard","hentry","category-latest-news"],"_links":{"self":[{"href":"https:\/\/www.obispadorqta.org.ar\/v3\/wp-json\/wp\/v2\/posts\/928","targetHints":{"allow":["GET"]}}],"collection":[{"href":"https:\/\/www.obispadorqta.org.ar\/v3\/wp-json\/wp\/v2\/posts"}],"about":[{"href":"https:\/\/www.obispadorqta.org.ar\/v3\/wp-json\/wp\/v2\/types\/post"}],"author":[{"embeddable":true,"href":"https:\/\/www.obispadorqta.org.ar\/v3\/wp-json\/wp\/v2\/users\/1"}],"replies":[{"embeddable":true,"href":"https:\/\/www.obispadorqta.org.ar\/v3\/wp-json\/wp\/v2\/comments?post=928"}],"version-history":[{"count":0,"href":"https:\/\/www.obispadorqta.org.ar\/v3\/wp-json\/wp\/v2\/posts\/928\/revisions"}],"wp:attachment":[{"href":"https:\/\/www.obispadorqta.org.ar\/v3\/wp-json\/wp\/v2\/media?parent=928"}],"wp:term":[{"taxonomy":"category","embeddable":true,"href":"https:\/\/www.obispadorqta.org.ar\/v3\/wp-json\/wp\/v2\/categories?post=928"},{"taxonomy":"post_tag","embeddable":true,"href":"https:\/\/www.obispadorqta.org.ar\/v3\/wp-json\/wp\/v2\/tags?post=928"}],"curies":[{"name":"wp","href":"https:\/\/api.w.org\/{rel}","templated":true}]}}