{"id":930,"date":"2014-06-16T14:10:44","date_gmt":"2014-06-16T14:10:44","guid":{"rendered":"http:\/\/www.obispadorqta.org.ar\/v3\/matrimonialcanonico\/"},"modified":"2014-06-16T14:10:44","modified_gmt":"2014-06-16T14:10:44","slug":"matrimonialcanonico","status":"publish","type":"post","link":"https:\/\/www.obispadorqta.org.ar\/v3\/matrimonialcanonico\/","title":{"rendered":"Jornadas Regionales de Derecho Matrimonial"},"content":{"rendered":"<div><\/div>\n<div style=\"text-align: center\">\u00a0<img loading=\"lazy\" decoding=\"async\" src=\"https:\/\/fbcdn-sphotos-f-a.akamaihd.net\/hphotos-ak-xfp1\/t1.0-9\/10403050_622137954549366_8538667436120347219_n.jpg\" border=\"0\" width=\"219\" height=\"223\" \/><\/div>\n<div style=\"text-align: justify\">\n<div> <\/div>\n<div>\n<div>Los d\u00edas viernes 20 y s\u00e1bado 21 de junio se llevar\u00e1n a cabo las 5tas. jornadas de Derecho Matrimonial Can\u00f3nico para todas aquellas personas que se desempe\u00f1an en las diferentes \u00e1reas que posee el Tribunal Interdiocesano de Corrientes, tanto en las Secciones de Instrucci\u00f3n Judicial Diocesanas cuanto en el patrocinio letrado de las partes ejerciendo como abogados. Las mismas se realizar\u00e1n en la Casa de Retiros \u201cNuestra Se\u00f1ora de La Merced\u201d, ubicada en la ciudad de Corrientes.<\/div>\n<div>\u00a0<\/div>\n<div>El temario de estas Jornadas Regionales consta de diversos temas que apuntan a la capacitaci\u00f3n de los actores para todo el proceso de las causas de nulidad matrimonial, y ser\u00e1n desarrollados por el Pbro. Lic. Jorge Luis Duarte Paz, Lic. Judith Ruesjas, Lic. Mar\u00eda Cecilia Campos, Pbro. Lic. Luis Ernesto Canesin y la Lic. M\u00f3nica Mercedes Villamil.<\/div>\n<div><\/div>\n<div>\u00a0El d\u00eda viernes 20, a las 20:00 horas, se celebrar\u00e1 la Santa Misa, presidida por S.E.R. Mons. Andr\u00e9s Stanovnik OFM Cap., Arzobispo de Corrientes y Moderador del Tribunal Eclesi\u00e1stico Regional, en la Iglesia \u201cNuestra Se\u00f1ora de La Merced\u201d. All\u00ed los nuevos integrantes del Tribunal realizar\u00e1n su Profesi\u00f3n de Fe y Juramento de Fidelidad.<\/div>\n<\/div>\n<div><\/div>\n<\/div>\n","protected":false},"excerpt":{"rendered":"<div class=\"mh-excerpt\"><div><\/div>\n<div style=\"text-align: center\">\u00a0<img loading=\"lazy\" decoding=\"async\" src=\"https:\/\/fbcdn-sphotos-f-a.akamaihd.net\/hphotos-ak-xfp1\/t1.0-9\/10403050_622137954549366_8538667436120347219_n.jpg\" border=\"0\" width=\"219\" height=\"223\" \/><\/div>\n<div style=\"text-align: justify\">\n<div>\n<\/div>","protected":false},"author":1,"featured_media":0,"comment_status":"open","ping_status":"open","sticky":false,"template":"","format":"standard","meta":{"footnotes":""},"categories":[28],"tags":[],"class_list":["post-930","post","type-post","status-publish","format-standard","hentry","category-latest-news"],"_links":{"self":[{"href":"https:\/\/www.obispadorqta.org.ar\/v3\/wp-json\/wp\/v2\/posts\/930","targetHints":{"allow":["GET"]}}],"collection":[{"href":"https:\/\/www.obispadorqta.org.ar\/v3\/wp-json\/wp\/v2\/posts"}],"about":[{"href":"https:\/\/www.obispadorqta.org.ar\/v3\/wp-json\/wp\/v2\/types\/post"}],"author":[{"embeddable":true,"href":"https:\/\/www.obispadorqta.org.ar\/v3\/wp-json\/wp\/v2\/users\/1"}],"replies":[{"embeddable":true,"href":"https:\/\/www.obispadorqta.org.ar\/v3\/wp-json\/wp\/v2\/comments?post=930"}],"version-history":[{"count":0,"href":"https:\/\/www.obispadorqta.org.ar\/v3\/wp-json\/wp\/v2\/posts\/930\/revisions"}],"wp:attachment":[{"href":"https:\/\/www.obispadorqta.org.ar\/v3\/wp-json\/wp\/v2\/media?parent=930"}],"wp:term":[{"taxonomy":"category","embeddable":true,"href":"https:\/\/www.obispadorqta.org.ar\/v3\/wp-json\/wp\/v2\/categories?post=930"},{"taxonomy":"post_tag","embeddable":true,"href":"https:\/\/www.obispadorqta.org.ar\/v3\/wp-json\/wp\/v2\/tags?post=930"}],"curies":[{"name":"wp","href":"https:\/\/api.w.org\/{rel}","templated":true}]}}