{"id":9312,"date":"2023-11-09T08:11:46","date_gmt":"2023-11-09T11:11:46","guid":{"rendered":"http:\/\/www.obispadorqta.org.ar\/v3\/?p=9312"},"modified":"2023-11-09T08:14:28","modified_gmt":"2023-11-09T11:14:28","slug":"3a-reunion-regional-pastoral-de-juventud-nea","status":"publish","type":"post","link":"https:\/\/www.obispadorqta.org.ar\/v3\/3a-reunion-regional-pastoral-de-juventud-nea\/","title":{"rendered":"3\u00aa Reuni\u00f3n Regional Pastoral de Juventud NEA"},"content":{"rendered":"<p style=\"text-align: justify;\"><span style=\"color: #000000;\">En el marco de la animaci\u00f3n de la pastoral de juventud de la regi\u00f3n, y como cierre de <\/span><span style=\"color: #000000;\">las actividades de este a\u00f1o, la regi\u00f3n elige como punto de encuentro nuestra Di\u00f3cesis de Reconquista, asimismo<\/span><span style=\"color: #000000;\"> acompa\u00f1ando el a\u00f1o Diocesano de los J\u00f3venes.<\/span><\/p>\n<p style=\"text-align: justify;\"><span style=\"color: #000000;\">Las di\u00f3cesis que se van a encontrar son las que forman parte del NEA: Formosa, San <\/span><span style=\"color: #000000;\">Roque (Roque S\u00e1enz Pe\u00f1a \u2013 Chaco), Resistencia, Corrientes, Santo Tom\u00e9, Goya, <\/span><span style=\"color: #000000;\">Iguaz\u00fa, Ober\u00e1 y Posadas.<\/span><\/p>\n<p style=\"text-align: justify;\"><span style=\"color: #000000;\">Cada una de estas di\u00f3cesis, env\u00eda como representantes a dos integrantes de los <\/span><span style=\"color: #000000;\">equipos y su asesor, que en algunos casos es un presb\u00edtero, di\u00e1cono o laico. Contando adem\u00e1s con<\/span><span style=\"color: #000000;\">&nbsp;la presencia del Obispo asesor monse\u00f1or Jos\u00e9 Vicente Conejero Gallego <\/span><span style=\"color: #000000;\">(Obispo de Formosa), el Pbro. asesor regional Diego Gonz\u00e1lez (Rcia), y los <\/span><span style=\"color: #000000;\">coordinadores Regionales Juan Jos\u00e9 Aucar (Rcia.), Nahuel Berbere (Goya). As\u00ed tambi\u00e9n <\/span><span style=\"color: #000000;\">los asesores de otras pastorales que cuentan con presencia juvenil como C\u00e1ritas, RCC, <\/span><span style=\"color: #000000;\">Acci\u00f3n Cat\u00f3lica Argentina, y en esta ocasi\u00f3n al asesor nacional de pastoral de juventud.<\/span><\/p>\n<p style=\"text-align: justify;\"><span style=\"color: #000000;\">En esta instancia lo que se trabajar\u00e1 sobre las distintas actividades y<\/span><span style=\"color: #000000;\">&nbsp;proyectos que cada Di\u00f3cesis est\u00e1 acompa\u00f1ando con respecto a los j\u00f3venes, la <\/span><span style=\"color: #000000;\">formaci\u00f3n y la actualidad de los procesos juveniles en nuestra Iglesia.<\/span><\/p>\n<p style=\"text-align: justify;\"><span style=\"color: #000000;\">El encuentro ser\u00e1 los d\u00edas 11 y 12 de noviembre en Casa Itat\u00ed de Avellaneda, y se <\/span><span style=\"color: #000000;\">compartir\u00e1 la misa el s\u00e1bado 11 a las 20 hs. en Catedral.<\/span><\/p>\n","protected":false},"excerpt":{"rendered":"<div class=\"mh-excerpt\"><p>En el marco de la animaci\u00f3n de la pastoral de juventud de la regi\u00f3n, y como cierre de las actividades de este a\u00f1o, la regi\u00f3n <a class=\"mh-excerpt-more\" href=\"https:\/\/www.obispadorqta.org.ar\/v3\/3a-reunion-regional-pastoral-de-juventud-nea\/\" title=\"3\u00aa Reuni\u00f3n Regional Pastoral de Juventud NEA\">[&#8230;]<\/a><\/p>\n<\/div>","protected":false},"author":3,"featured_media":9317,"comment_status":"open","ping_status":"open","sticky":false,"template":"","format":"standard","meta":{"footnotes":""},"categories":[6,28],"tags":[],"class_list":["post-9312","post","type-post","status-publish","format-standard","has-post-thumbnail","hentry","category-news","category-latest-news"],"_links":{"self":[{"href":"https:\/\/www.obispadorqta.org.ar\/v3\/wp-json\/wp\/v2\/posts\/9312","targetHints":{"allow":["GET"]}}],"collection":[{"href":"https:\/\/www.obispadorqta.org.ar\/v3\/wp-json\/wp\/v2\/posts"}],"about":[{"href":"https:\/\/www.obispadorqta.org.ar\/v3\/wp-json\/wp\/v2\/types\/post"}],"author":[{"embeddable":true,"href":"https:\/\/www.obispadorqta.org.ar\/v3\/wp-json\/wp\/v2\/users\/3"}],"replies":[{"embeddable":true,"href":"https:\/\/www.obispadorqta.org.ar\/v3\/wp-json\/wp\/v2\/comments?post=9312"}],"version-history":[{"count":3,"href":"https:\/\/www.obispadorqta.org.ar\/v3\/wp-json\/wp\/v2\/posts\/9312\/revisions"}],"predecessor-version":[{"id":9316,"href":"https:\/\/www.obispadorqta.org.ar\/v3\/wp-json\/wp\/v2\/posts\/9312\/revisions\/9316"}],"wp:featuredmedia":[{"embeddable":true,"href":"https:\/\/www.obispadorqta.org.ar\/v3\/wp-json\/wp\/v2\/media\/9317"}],"wp:attachment":[{"href":"https:\/\/www.obispadorqta.org.ar\/v3\/wp-json\/wp\/v2\/media?parent=9312"}],"wp:term":[{"taxonomy":"category","embeddable":true,"href":"https:\/\/www.obispadorqta.org.ar\/v3\/wp-json\/wp\/v2\/categories?post=9312"},{"taxonomy":"post_tag","embeddable":true,"href":"https:\/\/www.obispadorqta.org.ar\/v3\/wp-json\/wp\/v2\/tags?post=9312"}],"curies":[{"name":"wp","href":"https:\/\/api.w.org\/{rel}","templated":true}]}}