{"id":932,"date":"2014-06-19T14:12:02","date_gmt":"2014-06-19T14:12:02","guid":{"rendered":"http:\/\/www.obispadorqta.org.ar\/v3\/celebracion-corpus-christi\/"},"modified":"2014-06-19T14:12:02","modified_gmt":"2014-06-19T14:12:02","slug":"celebracion-corpus-christi","status":"publish","type":"post","link":"https:\/\/www.obispadorqta.org.ar\/v3\/celebracion-corpus-christi\/","title":{"rendered":"Celebraci\u00f3n Corpus Christi"},"content":{"rendered":"<div align=\"justify\">\n<div style=\"text-align: center\"><img loading=\"lazy\" decoding=\"async\" src=\"https:\/\/fbcdn-sphotos-h-a.akamaihd.net\/hphotos-ak-xfp1\/t1.0-9\/10298931_623718707724624_9013059783708684801_n.jpg\" border=\"0\" width=\"350\" height=\"247\" \/><\/div>\n<p><\/div>\n<div align=\"justify\"><font color=\"#000000\">La Iglesia Catedral de Reconquista invita a la Celebraci\u00f3n de Corpus Christi este domingo 22 de junio.<\/font><\/div>\n<div align=\"justify\">\u00a0<\/div>\n<div align=\"justify\"><font color=\"#000000\"><strong>La Celebraci\u00f3n Eucar\u00edstica y la Adoraci\u00f3n al Sant\u00edsimo Sacramento ser\u00e1n presididas por el Obispo Diocesano, Mons. \u00c1ngel Jos\u00e9 Mac\u00edn.<\/strong><\/font><\/div>\n<div align=\"justify\">\u00a0<\/div>\n<div align=\"justify\" style=\"font-size: 10px\"><em><font color=\"#000000\">Se invita a colaborar con az\u00facar, leche y yerba para ser donados a Caritas.<\/font><\/em><\/div>\n","protected":false},"excerpt":{"rendered":"<div class=\"mh-excerpt\"><p>La Iglesia Catedral de Reconquista invita a la Celebraci\u00f3n de Corpus Christi este domingo 22 de junio. \u00a0 La Celebraci\u00f3n Eucar\u00edstica y la Adoraci\u00f3n al <a class=\"mh-excerpt-more\" href=\"https:\/\/www.obispadorqta.org.ar\/v3\/celebracion-corpus-christi\/\" title=\"Celebraci\u00f3n Corpus Christi\">[&#8230;]<\/a><\/p>\n<\/div>","protected":false},"author":1,"featured_media":0,"comment_status":"open","ping_status":"open","sticky":false,"template":"","format":"standard","meta":{"footnotes":""},"categories":[28],"tags":[],"class_list":["post-932","post","type-post","status-publish","format-standard","hentry","category-latest-news"],"_links":{"self":[{"href":"https:\/\/www.obispadorqta.org.ar\/v3\/wp-json\/wp\/v2\/posts\/932","targetHints":{"allow":["GET"]}}],"collection":[{"href":"https:\/\/www.obispadorqta.org.ar\/v3\/wp-json\/wp\/v2\/posts"}],"about":[{"href":"https:\/\/www.obispadorqta.org.ar\/v3\/wp-json\/wp\/v2\/types\/post"}],"author":[{"embeddable":true,"href":"https:\/\/www.obispadorqta.org.ar\/v3\/wp-json\/wp\/v2\/users\/1"}],"replies":[{"embeddable":true,"href":"https:\/\/www.obispadorqta.org.ar\/v3\/wp-json\/wp\/v2\/comments?post=932"}],"version-history":[{"count":0,"href":"https:\/\/www.obispadorqta.org.ar\/v3\/wp-json\/wp\/v2\/posts\/932\/revisions"}],"wp:attachment":[{"href":"https:\/\/www.obispadorqta.org.ar\/v3\/wp-json\/wp\/v2\/media?parent=932"}],"wp:term":[{"taxonomy":"category","embeddable":true,"href":"https:\/\/www.obispadorqta.org.ar\/v3\/wp-json\/wp\/v2\/categories?post=932"},{"taxonomy":"post_tag","embeddable":true,"href":"https:\/\/www.obispadorqta.org.ar\/v3\/wp-json\/wp\/v2\/tags?post=932"}],"curies":[{"name":"wp","href":"https:\/\/api.w.org\/{rel}","templated":true}]}}