{"id":9322,"date":"2023-11-13T11:10:34","date_gmt":"2023-11-13T14:10:34","guid":{"rendered":"http:\/\/www.obispadorqta.org.ar\/v3\/?p=9322"},"modified":"2023-11-13T11:10:42","modified_gmt":"2023-11-13T14:10:42","slug":"jornada-de-oracion-por-la-patria","status":"publish","type":"post","link":"https:\/\/www.obispadorqta.org.ar\/v3\/jornada-de-oracion-por-la-patria\/","title":{"rendered":"Jornada de oraci\u00f3n por la Patria"},"content":{"rendered":"<p style=\"text-align: center;\"><strong>El Episcopado convoca a una jornada de oraci\u00f3n por la Patria<\/strong><\/p>\n<p style=\"text-align: justify;\">El presidente de la Conferencia Episcopal Argentina (CEA), monse\u00f1or Oscar Ojea, convoc\u00f3 a la comunidad cat\u00f3lica a una Jornada de Oraci\u00f3n por la Patria para el 17 de noviembre, en v\u00edsperas del balotaje que determinar\u00e1 qui\u00e9n ser\u00e1 el futuro presidente de la Naci\u00f3n.<\/p>\n<p style=\"text-align: justify;\">La decisi\u00f3n se adopt\u00f3 en el marco de la 123\u00aa Asamblea Plenaria de la CEA, que hasta este viernes se desarroll\u00f3 en la casa de ejercicios \u201cEl Cen\u00e1culo\u201d, del partido bonaerense de Pilar.<\/p>\n<p style=\"text-align: justify;\">El director de la Oficina de Comunicaci\u00f3n y Prensa de la CEA, presb\u00edtero M\u00e1ximo Jurcinovic, precis\u00f3 que no es una convocatoria a una misa en un lugar y horario puntuales, sino que se deja a las di\u00f3cesis la libertad de hacerla como consideren conveniente.<\/p>\n<p style=\"text-align: justify;\">No obstante, se sugiri\u00f3 tener en cuenta la Oraci\u00f3n por la Patria que los obispos escribieron en plena crisis de 2001-2002, y que es la plegaria habitual que se emplea en tiempos dif\u00edciles.<\/p>\n<p><img loading=\"lazy\" decoding=\"async\" class=\"aligncenter size-full wp-image-9325\" src=\"https:\/\/www.obispadorqta.org.ar\/v3\/wp-content\/uploads\/2023\/11\/Oraci\u00f3n-por-la-Patria.jpg\" alt=\"\" width=\"750\" height=\"529\" srcset=\"https:\/\/www.obispadorqta.org.ar\/v3\/wp-content\/uploads\/2023\/11\/Oraci\u00f3n-por-la-Patria.jpg 750w, https:\/\/www.obispadorqta.org.ar\/v3\/wp-content\/uploads\/2023\/11\/Oraci\u00f3n-por-la-Patria-300x212.jpg 300w\" sizes=\"auto, (max-width: 750px) 100vw, 750px\" \/><\/p>\n<p>Fuente: AICA<\/p>\n","protected":false},"excerpt":{"rendered":"<div class=\"mh-excerpt\"><p>El Episcopado convoca a una jornada de oraci\u00f3n por la Patria El presidente de la Conferencia Episcopal Argentina (CEA), monse\u00f1or Oscar Ojea, convoc\u00f3 a la <a class=\"mh-excerpt-more\" href=\"https:\/\/www.obispadorqta.org.ar\/v3\/jornada-de-oracion-por-la-patria\/\" title=\"Jornada de oraci\u00f3n por la Patria\">[&#8230;]<\/a><\/p>\n<\/div>","protected":false},"author":2,"featured_media":9323,"comment_status":"closed","ping_status":"open","sticky":false,"template":"","format":"standard","meta":{"footnotes":""},"categories":[6,28],"tags":[],"class_list":["post-9322","post","type-post","status-publish","format-standard","has-post-thumbnail","hentry","category-news","category-latest-news"],"_links":{"self":[{"href":"https:\/\/www.obispadorqta.org.ar\/v3\/wp-json\/wp\/v2\/posts\/9322","targetHints":{"allow":["GET"]}}],"collection":[{"href":"https:\/\/www.obispadorqta.org.ar\/v3\/wp-json\/wp\/v2\/posts"}],"about":[{"href":"https:\/\/www.obispadorqta.org.ar\/v3\/wp-json\/wp\/v2\/types\/post"}],"author":[{"embeddable":true,"href":"https:\/\/www.obispadorqta.org.ar\/v3\/wp-json\/wp\/v2\/users\/2"}],"replies":[{"embeddable":true,"href":"https:\/\/www.obispadorqta.org.ar\/v3\/wp-json\/wp\/v2\/comments?post=9322"}],"version-history":[{"count":3,"href":"https:\/\/www.obispadorqta.org.ar\/v3\/wp-json\/wp\/v2\/posts\/9322\/revisions"}],"predecessor-version":[{"id":9328,"href":"https:\/\/www.obispadorqta.org.ar\/v3\/wp-json\/wp\/v2\/posts\/9322\/revisions\/9328"}],"wp:featuredmedia":[{"embeddable":true,"href":"https:\/\/www.obispadorqta.org.ar\/v3\/wp-json\/wp\/v2\/media\/9323"}],"wp:attachment":[{"href":"https:\/\/www.obispadorqta.org.ar\/v3\/wp-json\/wp\/v2\/media?parent=9322"}],"wp:term":[{"taxonomy":"category","embeddable":true,"href":"https:\/\/www.obispadorqta.org.ar\/v3\/wp-json\/wp\/v2\/categories?post=9322"},{"taxonomy":"post_tag","embeddable":true,"href":"https:\/\/www.obispadorqta.org.ar\/v3\/wp-json\/wp\/v2\/tags?post=9322"}],"curies":[{"name":"wp","href":"https:\/\/api.w.org\/{rel}","templated":true}]}}