{"id":9333,"date":"2023-11-23T09:26:08","date_gmt":"2023-11-23T12:26:08","guid":{"rendered":"http:\/\/www.obispadorqta.org.ar\/v3\/?p=9333"},"modified":"2023-11-23T09:28:02","modified_gmt":"2023-11-23T12:28:02","slug":"cierre-ano-lectivo-seminario-nea","status":"publish","type":"post","link":"https:\/\/www.obispadorqta.org.ar\/v3\/cierre-ano-lectivo-seminario-nea\/","title":{"rendered":"Cierre A\u00f1o Formativo Seminario \u00abLa Encarnaci\u00f3n\u00bb"},"content":{"rendered":"<p style=\"text-align: justify;\"><span style=\"color: #000000;\">El pr\u00f3ximo lunes 27 se llevar\u00e1 a cabo el cierre del a\u00f1o formativo del Seminario Interdiocesano \u00abLa Encarnaci\u00f3n\u00bb, con la celebraci\u00f3n eucar\u00edstica de las 19:00 hs.<\/span><\/p>\n<p style=\"text-align: justify;\"><span style=\"color: #000000;\">Este a\u00f1o, con alegr\u00eda acompa\u00f1amos a cuatro j\u00f3venes de nuestra di\u00f3cesis que concluyen su formaci\u00f3n inicial, y ya est\u00e1n pr\u00f3ximo a la ordenaci\u00f3n sacerdotal.<\/span><\/p>\n<p style=\"text-align: justify;\"><span style=\"color: #000000;\">Est\u00e1n todos invitados a participar de este evento y a orar por el aumento de las vocaciones sacerdotales en nuestra di\u00f3cesis.<\/span><\/p>\n<p style=\"text-align: justify;\"><span style=\"color: #000000;\">En coincidencia, el lunes por la tarde, los obispos responsables del Seminario realizar\u00e1n su habitual reuni\u00f3n y posteriormente, el d\u00eda martes 28 se reunir\u00e1n los Obispos pertenecientes a la regi\u00f3n NEA. (Resistencia, Corrientes, San Roque, Iguaz\u00fa, Goya, Reconquista, Formosa, Ober\u00e1, Posadas y Santo Tom\u00e9).<\/span><\/p>\n<p style=\"text-align: justify;\"><span style=\"color: #000000;\">Oramos por los frutos de esta reuni\u00f3n y por nuestros Obispos y Arzobispos de la regi\u00f3n NEA.<\/span><\/p>\n","protected":false},"excerpt":{"rendered":"<div class=\"mh-excerpt\"><p>El pr\u00f3ximo lunes 27 se llevar\u00e1 a cabo el cierre del a\u00f1o formativo del Seminario Interdiocesano \u00abLa Encarnaci\u00f3n\u00bb, con la celebraci\u00f3n eucar\u00edstica de las 19:00 <a class=\"mh-excerpt-more\" href=\"https:\/\/www.obispadorqta.org.ar\/v3\/cierre-ano-lectivo-seminario-nea\/\" title=\"Cierre A\u00f1o Formativo Seminario \u00abLa Encarnaci\u00f3n\u00bb\">[&#8230;]<\/a><\/p>\n<\/div>","protected":false},"author":3,"featured_media":9354,"comment_status":"closed","ping_status":"open","sticky":false,"template":"","format":"standard","meta":{"footnotes":""},"categories":[6,28],"tags":[],"class_list":["post-9333","post","type-post","status-publish","format-standard","has-post-thumbnail","hentry","category-news","category-latest-news"],"_links":{"self":[{"href":"https:\/\/www.obispadorqta.org.ar\/v3\/wp-json\/wp\/v2\/posts\/9333","targetHints":{"allow":["GET"]}}],"collection":[{"href":"https:\/\/www.obispadorqta.org.ar\/v3\/wp-json\/wp\/v2\/posts"}],"about":[{"href":"https:\/\/www.obispadorqta.org.ar\/v3\/wp-json\/wp\/v2\/types\/post"}],"author":[{"embeddable":true,"href":"https:\/\/www.obispadorqta.org.ar\/v3\/wp-json\/wp\/v2\/users\/3"}],"replies":[{"embeddable":true,"href":"https:\/\/www.obispadorqta.org.ar\/v3\/wp-json\/wp\/v2\/comments?post=9333"}],"version-history":[{"count":4,"href":"https:\/\/www.obispadorqta.org.ar\/v3\/wp-json\/wp\/v2\/posts\/9333\/revisions"}],"predecessor-version":[{"id":9357,"href":"https:\/\/www.obispadorqta.org.ar\/v3\/wp-json\/wp\/v2\/posts\/9333\/revisions\/9357"}],"wp:featuredmedia":[{"embeddable":true,"href":"https:\/\/www.obispadorqta.org.ar\/v3\/wp-json\/wp\/v2\/media\/9354"}],"wp:attachment":[{"href":"https:\/\/www.obispadorqta.org.ar\/v3\/wp-json\/wp\/v2\/media?parent=9333"}],"wp:term":[{"taxonomy":"category","embeddable":true,"href":"https:\/\/www.obispadorqta.org.ar\/v3\/wp-json\/wp\/v2\/categories?post=9333"},{"taxonomy":"post_tag","embeddable":true,"href":"https:\/\/www.obispadorqta.org.ar\/v3\/wp-json\/wp\/v2\/tags?post=9333"}],"curies":[{"name":"wp","href":"https:\/\/api.w.org\/{rel}","templated":true}]}}