{"id":9335,"date":"2023-11-22T11:47:59","date_gmt":"2023-11-22T14:47:59","guid":{"rendered":"http:\/\/www.obispadorqta.org.ar\/v3\/?p=9335"},"modified":"2023-11-23T08:37:37","modified_gmt":"2023-11-23T11:37:37","slug":"mega-mision-juvenil","status":"publish","type":"post","link":"https:\/\/www.obispadorqta.org.ar\/v3\/mega-mision-juvenil\/","title":{"rendered":"MEGA MISION JUVENIL"},"content":{"rendered":"<p style=\"text-align: justify;\">Bajo el lema <em><strong>\u00c9l Vive y te quiere Vivo\u201d<\/strong><\/em>, este s\u00e1bado 25 de noviembre en la Parroquia \u00abSan Roque\u00bb de Reconquista, se vivir\u00e1 el cierre del A\u00f1o Diocesano de los J\u00f3venes con una Mega Misi\u00f3n diocesana.<img loading=\"lazy\" decoding=\"async\" class=\"aligncenter  wp-image-9340\" src=\"https:\/\/www.obispadorqta.org.ar\/v3\/wp-content\/uploads\/2023\/11\/IMG-20231122-WA0001.jpg\" alt=\"\" width=\"250\" height=\"250\" srcset=\"https:\/\/www.obispadorqta.org.ar\/v3\/wp-content\/uploads\/2023\/11\/IMG-20231122-WA0001.jpg 1080w, https:\/\/www.obispadorqta.org.ar\/v3\/wp-content\/uploads\/2023\/11\/IMG-20231122-WA0001-300x300.jpg 300w, https:\/\/www.obispadorqta.org.ar\/v3\/wp-content\/uploads\/2023\/11\/IMG-20231122-WA0001-1024x1024.jpg 1024w, https:\/\/www.obispadorqta.org.ar\/v3\/wp-content\/uploads\/2023\/11\/IMG-20231122-WA0001-150x150.jpg 150w, https:\/\/www.obispadorqta.org.ar\/v3\/wp-content\/uploads\/2023\/11\/IMG-20231122-WA0001-768x768.jpg 768w\" sizes=\"auto, (max-width: 250px) 100vw, 250px\" \/><\/p>\n<p style=\"text-align: justify;\">Si ten\u00e9s entre 13 y 35 a\u00f1os inscribiste gratis en el siguiente link y no te pierdas esta jornada llena de sorpresas pensadas para vos <a href=\"https:\/\/www.eventbrite.com.ar\/e\/mega-mision-ano-de-lo-jovenes-tickets-750256737097?aff=oddtdtcreator&amp;fbclid=IwAR1npp5EnUCUYLS0NGnZibsydk5-PaMdK49bDt3Aw7awxs4ooPTJjdwonjk\">https:\/\/www.eventbrite.com.ar\/&#8230;\/mega-mision-ano-de-lo&#8230;<\/a> Si sos menor de edad, pedile a tus referentes que se comuniquen con el equipo organizador para compartirte la autorizaci\u00f3n.<\/p>\n<p><img loading=\"lazy\" decoding=\"async\" class=\"aligncenter  wp-image-9350\" src=\"https:\/\/www.obispadorqta.org.ar\/v3\/wp-content\/uploads\/2023\/11\/404336153_1745550789293956_6357339969901515397_n.jpg\" alt=\"\" width=\"345\" height=\"345\" srcset=\"https:\/\/www.obispadorqta.org.ar\/v3\/wp-content\/uploads\/2023\/11\/404336153_1745550789293956_6357339969901515397_n.jpg 1080w, https:\/\/www.obispadorqta.org.ar\/v3\/wp-content\/uploads\/2023\/11\/404336153_1745550789293956_6357339969901515397_n-300x300.jpg 300w, https:\/\/www.obispadorqta.org.ar\/v3\/wp-content\/uploads\/2023\/11\/404336153_1745550789293956_6357339969901515397_n-1024x1024.jpg 1024w, https:\/\/www.obispadorqta.org.ar\/v3\/wp-content\/uploads\/2023\/11\/404336153_1745550789293956_6357339969901515397_n-150x150.jpg 150w, https:\/\/www.obispadorqta.org.ar\/v3\/wp-content\/uploads\/2023\/11\/404336153_1745550789293956_6357339969901515397_n-768x768.jpg 768w\" sizes=\"auto, (max-width: 345px) 100vw, 345px\" \/><\/p>\n<p style=\"text-align: justify;\"><strong>Programa:<\/strong><\/p>\n<p style=\"text-align: justify;\">8.00 hs. encuentro de los j\u00f3venes en la sede parroquial de la Parroquia San Roque de Reconquista.<\/p>\n<p style=\"text-align: justify;\">8.30 hs. Recepci\u00f3n, informaci\u00f3n sobre la misi\u00f3n.<\/p>\n<p style=\"text-align: justify;\">10 hs. Se proceder\u00e1 a la misi\u00f3n: Domiciliaria y en distintos puntos de concentraci\u00f3n urbana: sem\u00e1foros, intersecciones de calles, etc.<\/p>\n<p style=\"text-align: justify;\">12.30 hs. Almuerzo<\/p>\n<p style=\"text-align: justify;\">14.00 hs. Trabajo en grupos y preparaci\u00f3n para las actividades de la tarde.<\/p>\n<p style=\"text-align: justify;\">16.00 hs. intervenci\u00f3n art\u00edstica en la plaza 25 de mayo de Reconquista y misi\u00f3n en distintos puntos de concentraci\u00f3n urbana.<\/p>\n<p style=\"text-align: justify;\">18.00 hs. Concentraci\u00f3n en el atrio de la Catedral, animaci\u00f3n y preparaci\u00f3n para la celebraci\u00f3n eucar\u00edstica. Exposici\u00f3n a cargo de las Hermanas Carmelitas sobre su espiritualidad junto a la reliquia de<br \/>Santa Teresita.<\/p>\n<p style=\"text-align: justify;\">20.00 hs. Misa de Cierre en el atrio de la Iglesia Catedral<img loading=\"lazy\" decoding=\"async\" class=\"aligncenter size-full wp-image-9352\" src=\"https:\/\/www.obispadorqta.org.ar\/v3\/wp-content\/uploads\/2023\/11\/403627050_25143667875224122_1252427942172749880_n-1.jpg\" alt=\"\" width=\"343\" height=\"437\" srcset=\"https:\/\/www.obispadorqta.org.ar\/v3\/wp-content\/uploads\/2023\/11\/403627050_25143667875224122_1252427942172749880_n-1.jpg 343w, https:\/\/www.obispadorqta.org.ar\/v3\/wp-content\/uploads\/2023\/11\/403627050_25143667875224122_1252427942172749880_n-1-235x300.jpg 235w\" sizes=\"auto, (max-width: 343px) 100vw, 343px\" \/><\/p>\n<p style=\"text-align: justify;\">21.00 hs. Cena y compartir musical.<\/p>\n\n\n<p><\/p>\n","protected":false},"excerpt":{"rendered":"<div class=\"mh-excerpt\"><p>Bajo el lema \u00c9l Vive y te quiere Vivo\u201d, este s\u00e1bado 25 de noviembre en la Parroquia \u00abSan Roque\u00bb de Reconquista, se vivir\u00e1 el cierre <a class=\"mh-excerpt-more\" href=\"https:\/\/www.obispadorqta.org.ar\/v3\/mega-mision-juvenil\/\" title=\"MEGA MISION JUVENIL\">[&#8230;]<\/a><\/p>\n<\/div>","protected":false},"author":3,"featured_media":9346,"comment_status":"closed","ping_status":"open","sticky":false,"template":"","format":"standard","meta":{"footnotes":""},"categories":[6,28],"tags":[],"class_list":["post-9335","post","type-post","status-publish","format-standard","has-post-thumbnail","hentry","category-news","category-latest-news"],"_links":{"self":[{"href":"https:\/\/www.obispadorqta.org.ar\/v3\/wp-json\/wp\/v2\/posts\/9335","targetHints":{"allow":["GET"]}}],"collection":[{"href":"https:\/\/www.obispadorqta.org.ar\/v3\/wp-json\/wp\/v2\/posts"}],"about":[{"href":"https:\/\/www.obispadorqta.org.ar\/v3\/wp-json\/wp\/v2\/types\/post"}],"author":[{"embeddable":true,"href":"https:\/\/www.obispadorqta.org.ar\/v3\/wp-json\/wp\/v2\/users\/3"}],"replies":[{"embeddable":true,"href":"https:\/\/www.obispadorqta.org.ar\/v3\/wp-json\/wp\/v2\/comments?post=9335"}],"version-history":[{"count":6,"href":"https:\/\/www.obispadorqta.org.ar\/v3\/wp-json\/wp\/v2\/posts\/9335\/revisions"}],"predecessor-version":[{"id":9353,"href":"https:\/\/www.obispadorqta.org.ar\/v3\/wp-json\/wp\/v2\/posts\/9335\/revisions\/9353"}],"wp:featuredmedia":[{"embeddable":true,"href":"https:\/\/www.obispadorqta.org.ar\/v3\/wp-json\/wp\/v2\/media\/9346"}],"wp:attachment":[{"href":"https:\/\/www.obispadorqta.org.ar\/v3\/wp-json\/wp\/v2\/media?parent=9335"}],"wp:term":[{"taxonomy":"category","embeddable":true,"href":"https:\/\/www.obispadorqta.org.ar\/v3\/wp-json\/wp\/v2\/categories?post=9335"},{"taxonomy":"post_tag","embeddable":true,"href":"https:\/\/www.obispadorqta.org.ar\/v3\/wp-json\/wp\/v2\/tags?post=9335"}],"curies":[{"name":"wp","href":"https:\/\/api.w.org\/{rel}","templated":true}]}}