{"id":9358,"date":"2023-11-23T12:09:47","date_gmt":"2023-11-23T15:09:47","guid":{"rendered":"http:\/\/www.obispadorqta.org.ar\/v3\/?p=9358"},"modified":"2023-11-23T12:09:54","modified_gmt":"2023-11-23T15:09:54","slug":"colecta-apostolado-laico","status":"publish","type":"post","link":"https:\/\/www.obispadorqta.org.ar\/v3\/colecta-apostolado-laico\/","title":{"rendered":"Colecta Apostolado Laico"},"content":{"rendered":"<p style=\"text-align: justify;\">Este fin de semana, 25 y 26 de noviembre, se realizara en toda la Di\u00f3cesis la Colecta Anual para el Apostolado Laico.<\/p>\n<p style=\"text-align: justify;\">El objetivo de esta Campa\u00f1a es que crezcamos en la alegr\u00eda de ser Iglesia y de contribuir con lo necesario para su sostenimiento. Participar en la misi\u00f3n apost\u00f3lica de la Iglesia responde al llamado que nos hace Cristo a todos para ser disc\u00edpulos y misioneros suyos.<\/p>\n<p style=\"text-align: justify;\">El dinero recaudado en esta colecta es destinado al sostenimiento y mantenimiento de la Sede Diocesana (Servicio de limpieza, Secretar\u00eda, Tel\u00e9fono, Luz, Gas, etc.). y la realizaci\u00f3n de tareas pastorales durante el a\u00f1o.<\/p>\n<p style=\"text-align: justify;\">\n","protected":false},"excerpt":{"rendered":"<div class=\"mh-excerpt\"><p>Este fin de semana, 25 y 26 de noviembre, se realizara en toda la Di\u00f3cesis la Colecta Anual para el Apostolado Laico. El objetivo de <a class=\"mh-excerpt-more\" href=\"https:\/\/www.obispadorqta.org.ar\/v3\/colecta-apostolado-laico\/\" title=\"Colecta Apostolado Laico\">[&#8230;]<\/a><\/p>\n<\/div>","protected":false},"author":2,"featured_media":9361,"comment_status":"closed","ping_status":"open","sticky":false,"template":"","format":"standard","meta":{"footnotes":""},"categories":[6,28],"tags":[],"class_list":["post-9358","post","type-post","status-publish","format-standard","has-post-thumbnail","hentry","category-news","category-latest-news"],"_links":{"self":[{"href":"https:\/\/www.obispadorqta.org.ar\/v3\/wp-json\/wp\/v2\/posts\/9358","targetHints":{"allow":["GET"]}}],"collection":[{"href":"https:\/\/www.obispadorqta.org.ar\/v3\/wp-json\/wp\/v2\/posts"}],"about":[{"href":"https:\/\/www.obispadorqta.org.ar\/v3\/wp-json\/wp\/v2\/types\/post"}],"author":[{"embeddable":true,"href":"https:\/\/www.obispadorqta.org.ar\/v3\/wp-json\/wp\/v2\/users\/2"}],"replies":[{"embeddable":true,"href":"https:\/\/www.obispadorqta.org.ar\/v3\/wp-json\/wp\/v2\/comments?post=9358"}],"version-history":[{"count":1,"href":"https:\/\/www.obispadorqta.org.ar\/v3\/wp-json\/wp\/v2\/posts\/9358\/revisions"}],"predecessor-version":[{"id":9360,"href":"https:\/\/www.obispadorqta.org.ar\/v3\/wp-json\/wp\/v2\/posts\/9358\/revisions\/9360"}],"wp:featuredmedia":[{"embeddable":true,"href":"https:\/\/www.obispadorqta.org.ar\/v3\/wp-json\/wp\/v2\/media\/9361"}],"wp:attachment":[{"href":"https:\/\/www.obispadorqta.org.ar\/v3\/wp-json\/wp\/v2\/media?parent=9358"}],"wp:term":[{"taxonomy":"category","embeddable":true,"href":"https:\/\/www.obispadorqta.org.ar\/v3\/wp-json\/wp\/v2\/categories?post=9358"},{"taxonomy":"post_tag","embeddable":true,"href":"https:\/\/www.obispadorqta.org.ar\/v3\/wp-json\/wp\/v2\/tags?post=9358"}],"curies":[{"name":"wp","href":"https:\/\/api.w.org\/{rel}","templated":true}]}}