{"id":9362,"date":"2023-11-24T12:05:30","date_gmt":"2023-11-24T15:05:30","guid":{"rendered":"http:\/\/www.obispadorqta.org.ar\/v3\/?p=9362"},"modified":"2023-11-24T16:50:09","modified_gmt":"2023-11-24T19:50:09","slug":"10o-aniversario-episcopal","status":"publish","type":"post","link":"https:\/\/www.obispadorqta.org.ar\/v3\/10o-aniversario-episcopal\/","title":{"rendered":"10\u00ba Aniversario Episcopal"},"content":{"rendered":"<p style=\"text-align: justify;\">Con alegr\u00eda, desde este Obispado y de toda la Iglesia particular de Reconquista, saludamos y felicitamos a nuestro obispo diocesano, Mons. Dr. \u00c1ngel Jos\u00e9 Mac\u00edn por su d\u00e9cimo aniversario Episcopal, diez a\u00f1os al servicio de la Di\u00f3cesis de Reconquista y de la iglesia toda, caracterizados por su cercan\u00eda, templanza y compromiso, haciendo palabra viva aquel lema elegido para su ordenaci\u00f3n \u00abServidor de todos\u00bb.<\/p>\n<p style=\"text-align: justify;\"><strong>Breve biograf\u00eda<\/strong><\/p>\n<p style=\"text-align: justify;\">Naci\u00f3 el 18 de marzo de 1967 en Malabrigo, provincia de Santa Fe. Estudi\u00f3 en el \u00abseminario interdiocesano La Encarnaci\u00f3n\u00bb, de Resistencia. Fue ordenado presb\u00edtero el 9 de julio de 1992 por monse\u00f1or Fabriciano Sigampa, arzobispo de Resistencia.<\/p>\n<p style=\"text-align: justify;\">Alternando con el servicio en distintas parroquias de la di\u00f3cesis mientras estudiaba, en los a\u00f1os 1992-1993 se desempe\u00f1\u00f3 en la parroquia Inmaculada Concepci\u00f3n, de Villa Devoto, Buenos Aires. Obtuvo la Licenciatura en Teolog\u00eda en la Pontificia Universidad Cat\u00f3lica Argentina Santa Mar\u00eda de los Buenos Aires (UCA). Es miembro de la Sociedad Argentina de Teolog\u00eda. En el Instituto San Benito, de Victoria, Entre R\u00edos, obtuvo el t\u00edtulo de Profesor en Ciencias de la Religi\u00f3n.<\/p>\n<p style=\"text-align: justify;\">Desde 1994 es profesor ordinario en el seminario interdiocesano La Encarnaci\u00f3n, en Resistencia (Chaco) y director de estudios. A continuaci\u00f3n se lo nombr\u00f3 vicario parroquial en Santa Ana, de Florencia (1994-2003). Fue formador de la casa de Formaci\u00f3n Sacerdotal por doce a\u00f1os (1995-2006). Entre 1996 y 2001 fue profesor de Nuevo Testamento en el seminario diocesano de San Nicol\u00e1s de los Arroyos, Buenos Aires; administrador parroquial del Sagrado Coraz\u00f3n en Villa Ana, Santa Fe (2003-2004); vicario parroquial de la Inmaculada Concepci\u00f3n de Villa Ocampo (2005-2006). Luego fue nombrado p\u00e1rroco de Nuestra Se\u00f1ora del Huerto, Santa Fe (2007-2009).<\/p>\n<p style=\"text-align: justify;\">En 2012 obtuvo el grado de doctor en Teolog\u00eda, summa cum laude, con especializaci\u00f3n en Teolog\u00eda B\u00edblica en la Universidad Pontificia de Santo Tom\u00e1s de Aquino, de Roma. Conoce hebreo, griego, italiano, franc\u00e9s e ingl\u00e9s.<\/p>\n<p style=\"text-align: justify;\">Es autor de \u201cFraternidad y Solidaridad en Mateo\u201d, editada en 2010 por S\u00e3o Paulo y publicada su tesis sobre el tema \u201cFui un extra\u00f1o y ustedes me recibieron\u201d, estudio exeg\u00e9tico-teol\u00f3gico de Mt. 25,31-46. Adem\u00e1s public\u00f3 varios art\u00edculos.<\/p>\n<p style=\"text-align: justify;\">A su regreso de Roma fue nombrado p\u00e1rroco de Nuestra Se\u00f1ora de la Merced, en Avellaneda, Santa Fe.<\/p>\n<p style=\"text-align: justify;\">El 12 de octubre de 2013, el papa Francisco lo nombr\u00f3 Obispo de la Di\u00f3cesis de Reconquista, y contin\u00faa hasta la actualidad.<\/p>\n<p style=\"text-align: justify;\">Agradecemos a Dios por su vida y testimonio, y pedimos para que el Se\u00f1or siga iluminando su caminar en nuestra Di\u00f3cesis de Reconquista.<\/p>\n\n\n<figure class=\"wp-block-gallery columns-3 is-cropped wp-block-gallery-1 is-layout-flex wp-block-gallery-is-layout-flex\"><ul class=\"blocks-gallery-grid\"><li class=\"blocks-gallery-item\"><figure><img loading=\"lazy\" decoding=\"async\" width=\"900\" height=\"450\" src=\"https:\/\/www.obispadorqta.org.ar\/v3\/wp-content\/uploads\/2023\/11\/papa-obispo2.jpg\" alt=\"\" data-id=\"9379\" data-link=\"https:\/\/www.obispadorqta.org.ar\/v3\/10o-aniversario-episcopal\/papa-obispo2\/\" class=\"wp-image-9379\" srcset=\"https:\/\/www.obispadorqta.org.ar\/v3\/wp-content\/uploads\/2023\/11\/papa-obispo2.jpg 900w, https:\/\/www.obispadorqta.org.ar\/v3\/wp-content\/uploads\/2023\/11\/papa-obispo2-300x150.jpg 300w, https:\/\/www.obispadorqta.org.ar\/v3\/wp-content\/uploads\/2023\/11\/papa-obispo2-768x384.jpg 768w\" sizes=\"auto, (max-width: 900px) 100vw, 900px\" \/><\/figure><\/li><li class=\"blocks-gallery-item\"><figure><img loading=\"lazy\" decoding=\"async\" width=\"720\" height=\"478\" src=\"https:\/\/www.obispadorqta.org.ar\/v3\/wp-content\/uploads\/2023\/11\/macin-y-francisco-1.jpg\" alt=\"\" data-id=\"9380\" data-link=\"https:\/\/www.obispadorqta.org.ar\/v3\/10o-aniversario-episcopal\/macin-y-francisco-1\/\" class=\"wp-image-9380\" srcset=\"https:\/\/www.obispadorqta.org.ar\/v3\/wp-content\/uploads\/2023\/11\/macin-y-francisco-1.jpg 720w, https:\/\/www.obispadorqta.org.ar\/v3\/wp-content\/uploads\/2023\/11\/macin-y-francisco-1-300x199.jpg 300w\" sizes=\"auto, (max-width: 720px) 100vw, 720px\" \/><\/figure><\/li><li class=\"blocks-gallery-item\"><figure><img loading=\"lazy\" decoding=\"async\" width=\"1024\" height=\"768\" src=\"https:\/\/www.obispadorqta.org.ar\/v3\/wp-content\/uploads\/2023\/11\/11082196_779217552174738_2731326973383886235_o-1024x768.jpg\" alt=\"\" data-id=\"9381\" data-link=\"https:\/\/www.obispadorqta.org.ar\/v3\/10o-aniversario-episcopal\/11082196_779217552174738_2731326973383886235_o\/\" class=\"wp-image-9381\" srcset=\"https:\/\/www.obispadorqta.org.ar\/v3\/wp-content\/uploads\/2023\/11\/11082196_779217552174738_2731326973383886235_o-1024x768.jpg 1024w, https:\/\/www.obispadorqta.org.ar\/v3\/wp-content\/uploads\/2023\/11\/11082196_779217552174738_2731326973383886235_o-300x225.jpg 300w, https:\/\/www.obispadorqta.org.ar\/v3\/wp-content\/uploads\/2023\/11\/11082196_779217552174738_2731326973383886235_o-768x576.jpg 768w, https:\/\/www.obispadorqta.org.ar\/v3\/wp-content\/uploads\/2023\/11\/11082196_779217552174738_2731326973383886235_o-1536x1152.jpg 1536w, https:\/\/www.obispadorqta.org.ar\/v3\/wp-content\/uploads\/2023\/11\/11082196_779217552174738_2731326973383886235_o-678x509.jpg 678w, https:\/\/www.obispadorqta.org.ar\/v3\/wp-content\/uploads\/2023\/11\/11082196_779217552174738_2731326973383886235_o-326x245.jpg 326w, https:\/\/www.obispadorqta.org.ar\/v3\/wp-content\/uploads\/2023\/11\/11082196_779217552174738_2731326973383886235_o-80x60.jpg 80w, https:\/\/www.obispadorqta.org.ar\/v3\/wp-content\/uploads\/2023\/11\/11082196_779217552174738_2731326973383886235_o.jpg 2048w\" sizes=\"auto, (max-width: 1024px) 100vw, 1024px\" \/><\/figure><\/li><li class=\"blocks-gallery-item\"><figure><img loading=\"lazy\" decoding=\"async\" width=\"1024\" height=\"768\" src=\"https:\/\/www.obispadorqta.org.ar\/v3\/wp-content\/uploads\/2023\/11\/11008616_779220275507799_3254820577543266733_o-1024x768.jpg\" alt=\"\" data-id=\"9382\" data-link=\"https:\/\/www.obispadorqta.org.ar\/v3\/10o-aniversario-episcopal\/11008616_779220275507799_3254820577543266733_o\/\" class=\"wp-image-9382\" srcset=\"https:\/\/www.obispadorqta.org.ar\/v3\/wp-content\/uploads\/2023\/11\/11008616_779220275507799_3254820577543266733_o-1024x768.jpg 1024w, https:\/\/www.obispadorqta.org.ar\/v3\/wp-content\/uploads\/2023\/11\/11008616_779220275507799_3254820577543266733_o-300x225.jpg 300w, https:\/\/www.obispadorqta.org.ar\/v3\/wp-content\/uploads\/2023\/11\/11008616_779220275507799_3254820577543266733_o-768x576.jpg 768w, https:\/\/www.obispadorqta.org.ar\/v3\/wp-content\/uploads\/2023\/11\/11008616_779220275507799_3254820577543266733_o-1536x1152.jpg 1536w, https:\/\/www.obispadorqta.org.ar\/v3\/wp-content\/uploads\/2023\/11\/11008616_779220275507799_3254820577543266733_o-678x509.jpg 678w, https:\/\/www.obispadorqta.org.ar\/v3\/wp-content\/uploads\/2023\/11\/11008616_779220275507799_3254820577543266733_o-326x245.jpg 326w, https:\/\/www.obispadorqta.org.ar\/v3\/wp-content\/uploads\/2023\/11\/11008616_779220275507799_3254820577543266733_o-80x60.jpg 80w, https:\/\/www.obispadorqta.org.ar\/v3\/wp-content\/uploads\/2023\/11\/11008616_779220275507799_3254820577543266733_o.jpg 2048w\" sizes=\"auto, (max-width: 1024px) 100vw, 1024px\" \/><\/figure><\/li><li class=\"blocks-gallery-item\"><figure><img loading=\"lazy\" decoding=\"async\" width=\"1024\" height=\"768\" src=\"https:\/\/www.obispadorqta.org.ar\/v3\/wp-content\/uploads\/2023\/11\/11110566_805593982870428_522878526898793741_o-1024x768.jpg\" alt=\"\" data-id=\"9383\" data-link=\"https:\/\/www.obispadorqta.org.ar\/v3\/10o-aniversario-episcopal\/11110566_805593982870428_522878526898793741_o\/\" class=\"wp-image-9383\" srcset=\"https:\/\/www.obispadorqta.org.ar\/v3\/wp-content\/uploads\/2023\/11\/11110566_805593982870428_522878526898793741_o-1024x768.jpg 1024w, https:\/\/www.obispadorqta.org.ar\/v3\/wp-content\/uploads\/2023\/11\/11110566_805593982870428_522878526898793741_o-300x225.jpg 300w, https:\/\/www.obispadorqta.org.ar\/v3\/wp-content\/uploads\/2023\/11\/11110566_805593982870428_522878526898793741_o-768x576.jpg 768w, https:\/\/www.obispadorqta.org.ar\/v3\/wp-content\/uploads\/2023\/11\/11110566_805593982870428_522878526898793741_o-1536x1152.jpg 1536w, https:\/\/www.obispadorqta.org.ar\/v3\/wp-content\/uploads\/2023\/11\/11110566_805593982870428_522878526898793741_o-678x509.jpg 678w, https:\/\/www.obispadorqta.org.ar\/v3\/wp-content\/uploads\/2023\/11\/11110566_805593982870428_522878526898793741_o-326x245.jpg 326w, https:\/\/www.obispadorqta.org.ar\/v3\/wp-content\/uploads\/2023\/11\/11110566_805593982870428_522878526898793741_o-80x60.jpg 80w, https:\/\/www.obispadorqta.org.ar\/v3\/wp-content\/uploads\/2023\/11\/11110566_805593982870428_522878526898793741_o.jpg 2048w\" sizes=\"auto, (max-width: 1024px) 100vw, 1024px\" \/><\/figure><\/li><li class=\"blocks-gallery-item\"><figure><img loading=\"lazy\" decoding=\"async\" width=\"1024\" height=\"768\" src=\"https:\/\/www.obispadorqta.org.ar\/v3\/wp-content\/uploads\/2023\/11\/11844923_838620479567778_662031071046071872_o-1024x768.jpg\" alt=\"\" data-id=\"9384\" data-link=\"https:\/\/www.obispadorqta.org.ar\/v3\/10o-aniversario-episcopal\/11844923_838620479567778_662031071046071872_o\/\" class=\"wp-image-9384\" srcset=\"https:\/\/www.obispadorqta.org.ar\/v3\/wp-content\/uploads\/2023\/11\/11844923_838620479567778_662031071046071872_o-1024x768.jpg 1024w, https:\/\/www.obispadorqta.org.ar\/v3\/wp-content\/uploads\/2023\/11\/11844923_838620479567778_662031071046071872_o-300x225.jpg 300w, https:\/\/www.obispadorqta.org.ar\/v3\/wp-content\/uploads\/2023\/11\/11844923_838620479567778_662031071046071872_o-768x576.jpg 768w, https:\/\/www.obispadorqta.org.ar\/v3\/wp-content\/uploads\/2023\/11\/11844923_838620479567778_662031071046071872_o-1536x1152.jpg 1536w, https:\/\/www.obispadorqta.org.ar\/v3\/wp-content\/uploads\/2023\/11\/11844923_838620479567778_662031071046071872_o-678x509.jpg 678w, https:\/\/www.obispadorqta.org.ar\/v3\/wp-content\/uploads\/2023\/11\/11844923_838620479567778_662031071046071872_o-326x245.jpg 326w, https:\/\/www.obispadorqta.org.ar\/v3\/wp-content\/uploads\/2023\/11\/11844923_838620479567778_662031071046071872_o-80x60.jpg 80w, https:\/\/www.obispadorqta.org.ar\/v3\/wp-content\/uploads\/2023\/11\/11844923_838620479567778_662031071046071872_o.jpg 2048w\" sizes=\"auto, (max-width: 1024px) 100vw, 1024px\" \/><\/figure><\/li><li class=\"blocks-gallery-item\"><figure><img loading=\"lazy\" decoding=\"async\" width=\"768\" height=\"1024\" src=\"https:\/\/www.obispadorqta.org.ar\/v3\/wp-content\/uploads\/2023\/11\/11884740_842561702506989_1043561034478551204_o-768x1024.jpg\" alt=\"\" data-id=\"9385\" data-link=\"https:\/\/www.obispadorqta.org.ar\/v3\/10o-aniversario-episcopal\/11884740_842561702506989_1043561034478551204_o\/\" class=\"wp-image-9385\" srcset=\"https:\/\/www.obispadorqta.org.ar\/v3\/wp-content\/uploads\/2023\/11\/11884740_842561702506989_1043561034478551204_o-768x1024.jpg 768w, https:\/\/www.obispadorqta.org.ar\/v3\/wp-content\/uploads\/2023\/11\/11884740_842561702506989_1043561034478551204_o-225x300.jpg 225w, https:\/\/www.obispadorqta.org.ar\/v3\/wp-content\/uploads\/2023\/11\/11884740_842561702506989_1043561034478551204_o-1152x1536.jpg 1152w, https:\/\/www.obispadorqta.org.ar\/v3\/wp-content\/uploads\/2023\/11\/11884740_842561702506989_1043561034478551204_o.jpg 1536w\" sizes=\"auto, (max-width: 768px) 100vw, 768px\" \/><\/figure><\/li><li class=\"blocks-gallery-item\"><figure><img loading=\"lazy\" decoding=\"async\" width=\"768\" height=\"1024\" src=\"https:\/\/www.obispadorqta.org.ar\/v3\/wp-content\/uploads\/2023\/11\/11884000_847886588641167_8532020626574252404_o-768x1024.jpg\" alt=\"\" data-id=\"9386\" data-link=\"https:\/\/www.obispadorqta.org.ar\/v3\/10o-aniversario-episcopal\/11884000_847886588641167_8532020626574252404_o\/\" class=\"wp-image-9386\" srcset=\"https:\/\/www.obispadorqta.org.ar\/v3\/wp-content\/uploads\/2023\/11\/11884000_847886588641167_8532020626574252404_o-768x1024.jpg 768w, https:\/\/www.obispadorqta.org.ar\/v3\/wp-content\/uploads\/2023\/11\/11884000_847886588641167_8532020626574252404_o-225x300.jpg 225w, https:\/\/www.obispadorqta.org.ar\/v3\/wp-content\/uploads\/2023\/11\/11884000_847886588641167_8532020626574252404_o-1152x1536.jpg 1152w, https:\/\/www.obispadorqta.org.ar\/v3\/wp-content\/uploads\/2023\/11\/11884000_847886588641167_8532020626574252404_o.jpg 1536w\" sizes=\"auto, (max-width: 768px) 100vw, 768px\" \/><\/figure><\/li><li class=\"blocks-gallery-item\"><figure><img loading=\"lazy\" decoding=\"async\" width=\"1024\" height=\"768\" src=\"https:\/\/www.obispadorqta.org.ar\/v3\/wp-content\/uploads\/2023\/11\/14102948_1066026756827148_2547272119025206295_o-1024x768.jpg\" alt=\"\" data-id=\"9387\" data-link=\"https:\/\/www.obispadorqta.org.ar\/v3\/10o-aniversario-episcopal\/14102948_1066026756827148_2547272119025206295_o\/\" class=\"wp-image-9387\" srcset=\"https:\/\/www.obispadorqta.org.ar\/v3\/wp-content\/uploads\/2023\/11\/14102948_1066026756827148_2547272119025206295_o-1024x768.jpg 1024w, https:\/\/www.obispadorqta.org.ar\/v3\/wp-content\/uploads\/2023\/11\/14102948_1066026756827148_2547272119025206295_o-300x225.jpg 300w, https:\/\/www.obispadorqta.org.ar\/v3\/wp-content\/uploads\/2023\/11\/14102948_1066026756827148_2547272119025206295_o-768x576.jpg 768w, https:\/\/www.obispadorqta.org.ar\/v3\/wp-content\/uploads\/2023\/11\/14102948_1066026756827148_2547272119025206295_o-1536x1152.jpg 1536w, https:\/\/www.obispadorqta.org.ar\/v3\/wp-content\/uploads\/2023\/11\/14102948_1066026756827148_2547272119025206295_o-678x509.jpg 678w, https:\/\/www.obispadorqta.org.ar\/v3\/wp-content\/uploads\/2023\/11\/14102948_1066026756827148_2547272119025206295_o-326x245.jpg 326w, https:\/\/www.obispadorqta.org.ar\/v3\/wp-content\/uploads\/2023\/11\/14102948_1066026756827148_2547272119025206295_o-80x60.jpg 80w, https:\/\/www.obispadorqta.org.ar\/v3\/wp-content\/uploads\/2023\/11\/14102948_1066026756827148_2547272119025206295_o.jpg 2048w\" sizes=\"auto, (max-width: 1024px) 100vw, 1024px\" \/><\/figure><\/li><li class=\"blocks-gallery-item\"><figure><img loading=\"lazy\" decoding=\"async\" width=\"1024\" height=\"768\" src=\"https:\/\/www.obispadorqta.org.ar\/v3\/wp-content\/uploads\/2023\/11\/14067971_1066025820160575_6213241139313249967_o-1024x768.jpg\" alt=\"\" data-id=\"9388\" data-link=\"https:\/\/www.obispadorqta.org.ar\/v3\/10o-aniversario-episcopal\/14067971_1066025820160575_6213241139313249967_o\/\" class=\"wp-image-9388\" srcset=\"https:\/\/www.obispadorqta.org.ar\/v3\/wp-content\/uploads\/2023\/11\/14067971_1066025820160575_6213241139313249967_o-1024x768.jpg 1024w, https:\/\/www.obispadorqta.org.ar\/v3\/wp-content\/uploads\/2023\/11\/14067971_1066025820160575_6213241139313249967_o-300x225.jpg 300w, https:\/\/www.obispadorqta.org.ar\/v3\/wp-content\/uploads\/2023\/11\/14067971_1066025820160575_6213241139313249967_o-768x576.jpg 768w, https:\/\/www.obispadorqta.org.ar\/v3\/wp-content\/uploads\/2023\/11\/14067971_1066025820160575_6213241139313249967_o-1536x1152.jpg 1536w, https:\/\/www.obispadorqta.org.ar\/v3\/wp-content\/uploads\/2023\/11\/14067971_1066025820160575_6213241139313249967_o-678x509.jpg 678w, https:\/\/www.obispadorqta.org.ar\/v3\/wp-content\/uploads\/2023\/11\/14067971_1066025820160575_6213241139313249967_o-326x245.jpg 326w, https:\/\/www.obispadorqta.org.ar\/v3\/wp-content\/uploads\/2023\/11\/14067971_1066025820160575_6213241139313249967_o-80x60.jpg 80w, https:\/\/www.obispadorqta.org.ar\/v3\/wp-content\/uploads\/2023\/11\/14067971_1066025820160575_6213241139313249967_o.jpg 2048w\" sizes=\"auto, (max-width: 1024px) 100vw, 1024px\" \/><\/figure><\/li><li class=\"blocks-gallery-item\"><figure><img loading=\"lazy\" decoding=\"async\" width=\"768\" height=\"1024\" src=\"https:\/\/www.obispadorqta.org.ar\/v3\/wp-content\/uploads\/2023\/11\/17814632_1299101096853045_4560824460945971087_o-768x1024.jpg\" alt=\"\" data-id=\"9389\" data-link=\"https:\/\/www.obispadorqta.org.ar\/v3\/10o-aniversario-episcopal\/17814632_1299101096853045_4560824460945971087_o\/\" class=\"wp-image-9389\" srcset=\"https:\/\/www.obispadorqta.org.ar\/v3\/wp-content\/uploads\/2023\/11\/17814632_1299101096853045_4560824460945971087_o-768x1024.jpg 768w, https:\/\/www.obispadorqta.org.ar\/v3\/wp-content\/uploads\/2023\/11\/17814632_1299101096853045_4560824460945971087_o-225x300.jpg 225w, https:\/\/www.obispadorqta.org.ar\/v3\/wp-content\/uploads\/2023\/11\/17814632_1299101096853045_4560824460945971087_o-1152x1536.jpg 1152w, https:\/\/www.obispadorqta.org.ar\/v3\/wp-content\/uploads\/2023\/11\/17814632_1299101096853045_4560824460945971087_o.jpg 1536w\" sizes=\"auto, (max-width: 768px) 100vw, 768px\" \/><\/figure><\/li><li class=\"blocks-gallery-item\"><figure><img loading=\"lazy\" decoding=\"async\" width=\"736\" height=\"491\" src=\"https:\/\/www.obispadorqta.org.ar\/v3\/wp-content\/uploads\/2023\/11\/22096w770h491c.jpg\" alt=\"\" data-id=\"9391\" data-full-url=\"https:\/\/www.obispadorqta.org.ar\/v3\/wp-content\/uploads\/2023\/11\/22096w770h491c.jpg\" data-link=\"https:\/\/www.obispadorqta.org.ar\/v3\/10o-aniversario-episcopal\/22096w770h491c\/\" class=\"wp-image-9391\" srcset=\"https:\/\/www.obispadorqta.org.ar\/v3\/wp-content\/uploads\/2023\/11\/22096w770h491c.jpg 736w, https:\/\/www.obispadorqta.org.ar\/v3\/wp-content\/uploads\/2023\/11\/22096w770h491c-300x200.jpg 300w\" sizes=\"auto, (max-width: 736px) 100vw, 736px\" \/><\/figure><\/li><\/ul><figcaption class=\"blocks-gallery-caption\">Mons. Dr. \u00c1ngel Jos\u00e9 Mac\u00edn<\/figcaption><\/figure>\n","protected":false},"excerpt":{"rendered":"<div class=\"mh-excerpt\"><p>Con alegr\u00eda, desde este Obispado y de toda la Iglesia particular de Reconquista, saludamos y felicitamos a nuestro obispo diocesano, Mons. Dr. \u00c1ngel Jos\u00e9 Mac\u00edn <a class=\"mh-excerpt-more\" href=\"https:\/\/www.obispadorqta.org.ar\/v3\/10o-aniversario-episcopal\/\" title=\"10\u00ba Aniversario Episcopal\">[&#8230;]<\/a><\/p>\n<\/div>","protected":false},"author":2,"featured_media":9376,"comment_status":"closed","ping_status":"open","sticky":false,"template":"","format":"standard","meta":{"footnotes":""},"categories":[6,28],"tags":[],"class_list":["post-9362","post","type-post","status-publish","format-standard","has-post-thumbnail","hentry","category-news","category-latest-news"],"_links":{"self":[{"href":"https:\/\/www.obispadorqta.org.ar\/v3\/wp-json\/wp\/v2\/posts\/9362","targetHints":{"allow":["GET"]}}],"collection":[{"href":"https:\/\/www.obispadorqta.org.ar\/v3\/wp-json\/wp\/v2\/posts"}],"about":[{"href":"https:\/\/www.obispadorqta.org.ar\/v3\/wp-json\/wp\/v2\/types\/post"}],"author":[{"embeddable":true,"href":"https:\/\/www.obispadorqta.org.ar\/v3\/wp-json\/wp\/v2\/users\/2"}],"replies":[{"embeddable":true,"href":"https:\/\/www.obispadorqta.org.ar\/v3\/wp-json\/wp\/v2\/comments?post=9362"}],"version-history":[{"count":4,"href":"https:\/\/www.obispadorqta.org.ar\/v3\/wp-json\/wp\/v2\/posts\/9362\/revisions"}],"predecessor-version":[{"id":9392,"href":"https:\/\/www.obispadorqta.org.ar\/v3\/wp-json\/wp\/v2\/posts\/9362\/revisions\/9392"}],"wp:featuredmedia":[{"embeddable":true,"href":"https:\/\/www.obispadorqta.org.ar\/v3\/wp-json\/wp\/v2\/media\/9376"}],"wp:attachment":[{"href":"https:\/\/www.obispadorqta.org.ar\/v3\/wp-json\/wp\/v2\/media?parent=9362"}],"wp:term":[{"taxonomy":"category","embeddable":true,"href":"https:\/\/www.obispadorqta.org.ar\/v3\/wp-json\/wp\/v2\/categories?post=9362"},{"taxonomy":"post_tag","embeddable":true,"href":"https:\/\/www.obispadorqta.org.ar\/v3\/wp-json\/wp\/v2\/tags?post=9362"}],"curies":[{"name":"wp","href":"https:\/\/api.w.org\/{rel}","templated":true}]}}