{"id":9399,"date":"2023-12-01T11:24:42","date_gmt":"2023-12-01T14:24:42","guid":{"rendered":"http:\/\/www.obispadorqta.org.ar\/v3\/?p=9399"},"modified":"2023-12-01T11:24:50","modified_gmt":"2023-12-01T14:24:50","slug":"colecta-nacional-de-ayuda-al-migrante-y-al-refugiado","status":"publish","type":"post","link":"https:\/\/www.obispadorqta.org.ar\/v3\/colecta-nacional-de-ayuda-al-migrante-y-al-refugiado\/","title":{"rendered":"Colecta Nacional de Ayuda al Migrante y al Refugiado"},"content":{"rendered":"<p style=\"text-align: justify;\">La Colecta Nacional de Ayuda al Migrante y Refugiado se realiza cada a\u00f1o el 1\u00b0 Domingo de Adviento y est\u00e1 destinada a la ayuda de personas migrantes, refugiados y solicitantes de asilo en situaci\u00f3n de vulnerabilidad social y econ\u00f3mica en la Argentina.<\/p>\n<p style=\"text-align: justify;\">Es una Colecta Imperada, es decir, surgida por determinaci\u00f3n de la Conferencia Episcopal Argentina.<\/p>\n<p style=\"text-align: justify;\">La comisi\u00f3n que preside nuestro Obispo Diocesano, Mons. Dr. \u00c1ngel Jos\u00e9 Mac\u00edn, precisan que: \u00abDesde la Comisi\u00f3n Episcopal de Migrantes e Itinerantes nos dedicamos a promover y garantizar la dignidad y los derechos humanos de las personas en situaci\u00f3n de movilidad humana en la Argentina.<\/p>\n<p style=\"text-align: justify;\">Nuestra tarea se sostiene con la generosa colaboraci\u00f3n de nuestros donantes. Con tu aporte podes contribuir a que 5.000 personas migrantes, refugiados y solicitantes de asilo sean asistidos por la Comisi\u00f3n y las Delegaciones Pastorales de todo el pa\u00eds\u00bb.<\/p>\n<p style=\"text-align: justify;\">Asimismo, nos comparten la informaci\u00f3n necesaria para todos aquellos que quieran hacer su aporte durante todo el a\u00f1o, a trav\u00e9s de medios bancarios y digitales:<\/p>\n<p style=\"text-align: justify;\"><img loading=\"lazy\" decoding=\"async\" class=\"aligncenter size-full wp-image-9404\" src=\"https:\/\/www.obispadorqta.org.ar\/v3\/wp-content\/uploads\/2023\/12\/colecta03.jpg\" alt=\"\" width=\"1080\" height=\"1080\" srcset=\"https:\/\/www.obispadorqta.org.ar\/v3\/wp-content\/uploads\/2023\/12\/colecta03.jpg 1080w, https:\/\/www.obispadorqta.org.ar\/v3\/wp-content\/uploads\/2023\/12\/colecta03-300x300.jpg 300w, https:\/\/www.obispadorqta.org.ar\/v3\/wp-content\/uploads\/2023\/12\/colecta03-1024x1024.jpg 1024w, https:\/\/www.obispadorqta.org.ar\/v3\/wp-content\/uploads\/2023\/12\/colecta03-150x150.jpg 150w, https:\/\/www.obispadorqta.org.ar\/v3\/wp-content\/uploads\/2023\/12\/colecta03-768x768.jpg 768w\" sizes=\"auto, (max-width: 1080px) 100vw, 1080px\" \/><\/p>\n<p style=\"text-align: justify;\">Para m\u00e1s informaci\u00f3n, los invitamos a visitar la p\u00e1gina oficial de la Comisi\u00f3n Episcopal de Migrantes e Itinerantes: <a href=\"https:\/\/cemi.org.ar\/\">CLICK AQU\u00cd<\/a><\/p>\n","protected":false},"excerpt":{"rendered":"<div class=\"mh-excerpt\"><p>La Colecta Nacional de Ayuda al Migrante y Refugiado se realiza cada a\u00f1o el 1\u00b0 Domingo de Adviento y est\u00e1 destinada a la ayuda de <a class=\"mh-excerpt-more\" href=\"https:\/\/www.obispadorqta.org.ar\/v3\/colecta-nacional-de-ayuda-al-migrante-y-al-refugiado\/\" title=\"Colecta Nacional de Ayuda al Migrante y al Refugiado\">[&#8230;]<\/a><\/p>\n<\/div>","protected":false},"author":2,"featured_media":9406,"comment_status":"closed","ping_status":"open","sticky":false,"template":"","format":"standard","meta":{"footnotes":""},"categories":[6,28],"tags":[],"class_list":["post-9399","post","type-post","status-publish","format-standard","has-post-thumbnail","hentry","category-news","category-latest-news"],"_links":{"self":[{"href":"https:\/\/www.obispadorqta.org.ar\/v3\/wp-json\/wp\/v2\/posts\/9399","targetHints":{"allow":["GET"]}}],"collection":[{"href":"https:\/\/www.obispadorqta.org.ar\/v3\/wp-json\/wp\/v2\/posts"}],"about":[{"href":"https:\/\/www.obispadorqta.org.ar\/v3\/wp-json\/wp\/v2\/types\/post"}],"author":[{"embeddable":true,"href":"https:\/\/www.obispadorqta.org.ar\/v3\/wp-json\/wp\/v2\/users\/2"}],"replies":[{"embeddable":true,"href":"https:\/\/www.obispadorqta.org.ar\/v3\/wp-json\/wp\/v2\/comments?post=9399"}],"version-history":[{"count":3,"href":"https:\/\/www.obispadorqta.org.ar\/v3\/wp-json\/wp\/v2\/posts\/9399\/revisions"}],"predecessor-version":[{"id":9407,"href":"https:\/\/www.obispadorqta.org.ar\/v3\/wp-json\/wp\/v2\/posts\/9399\/revisions\/9407"}],"wp:featuredmedia":[{"embeddable":true,"href":"https:\/\/www.obispadorqta.org.ar\/v3\/wp-json\/wp\/v2\/media\/9406"}],"wp:attachment":[{"href":"https:\/\/www.obispadorqta.org.ar\/v3\/wp-json\/wp\/v2\/media?parent=9399"}],"wp:term":[{"taxonomy":"category","embeddable":true,"href":"https:\/\/www.obispadorqta.org.ar\/v3\/wp-json\/wp\/v2\/categories?post=9399"},{"taxonomy":"post_tag","embeddable":true,"href":"https:\/\/www.obispadorqta.org.ar\/v3\/wp-json\/wp\/v2\/tags?post=9399"}],"curies":[{"name":"wp","href":"https:\/\/api.w.org\/{rel}","templated":true}]}}