{"id":9413,"date":"2023-12-07T07:58:30","date_gmt":"2023-12-07T10:58:30","guid":{"rendered":"http:\/\/www.obispadorqta.org.ar\/v3\/?p=9413"},"modified":"2023-12-07T08:04:07","modified_gmt":"2023-12-07T11:04:07","slug":"homenaje-a-maria","status":"publish","type":"post","link":"https:\/\/www.obispadorqta.org.ar\/v3\/homenaje-a-maria\/","title":{"rendered":"HOMENAJE A MARIA"},"content":{"rendered":"<p style=\"text-align: justify;\"><span style=\"color: #000000;\">El pr\u00f3ximo viernes, 8 de diciembre, la Iglesia celebra la solemnidad de la Inmaculada Concepci\u00f3n, una fiesta muy sentida a lo largo y a lo ancho del territorio diocesano, en la regi\u00f3n y en toda la Iglesia. Se trata de un motivo lit\u00fargico que recuerda los inicios de nuestra salvaci\u00f3n, cuando Dios Padre, en vistas a los m\u00e9ritos de su Hijo, preserva a quien ser\u00e1 su madre, Mar\u00eda de Nazareth, de toda mancha de pecado.<\/span><\/p>\n<p style=\"text-align: justify;\"><span style=\"color: #000000;\">Es una fiesta cargada de consuelo y de esperanza, porque aquello que decimos de Mar\u00eda redunda en nuestro bien y salvaci\u00f3n. Utilizando un lenguaje b\u00edblico, la descendencia de los primeros seres humanos vence a la serpiente, s\u00edmbolo del mal, y as\u00ed todos somos conducidos a una nueva alianza con Dios, con los dem\u00e1s, con toda la creaci\u00f3n.<\/span><\/p>\n<p style=\"text-align: justify;\"><span style=\"color: #000000;\">En diferentes lugares, se celebran chamameceadas, fiestas populares y misas en homenaje a Mar\u00eda y en gratitud al Se\u00f1or. En el Santuario Mariano de nuestra di\u00f3cesis se lleva a cabo la chamameceada en homenaje a Mar\u00eda. De esta manera, cultura y fe se toman de la mano, para celebrar la vida y la redenci\u00f3n.<\/span><\/p>\n<p style=\"text-align: justify;\"><span style=\"color: #000000;\">El programa general de esta fiesta en la Parroquia Inmaculada Concepci\u00f3n, nuestra Iglesia Catedral, es el siguiente<img loading=\"lazy\" decoding=\"async\" class=\"aligncenter  wp-image-9415\" src=\"https:\/\/www.obispadorqta.org.ar\/v3\/wp-content\/uploads\/2023\/12\/408286246_874899110946708_2486774424855548704_n.jpg\" alt=\"\" width=\"362\" height=\"428\" srcset=\"https:\/\/www.obispadorqta.org.ar\/v3\/wp-content\/uploads\/2023\/12\/408286246_874899110946708_2486774424855548704_n.jpg 1124w, https:\/\/www.obispadorqta.org.ar\/v3\/wp-content\/uploads\/2023\/12\/408286246_874899110946708_2486774424855548704_n-253x300.jpg 253w, https:\/\/www.obispadorqta.org.ar\/v3\/wp-content\/uploads\/2023\/12\/408286246_874899110946708_2486774424855548704_n-865x1024.jpg 865w, https:\/\/www.obispadorqta.org.ar\/v3\/wp-content\/uploads\/2023\/12\/408286246_874899110946708_2486774424855548704_n-768x909.jpg 768w\" sizes=\"auto, (max-width: 362px) 100vw, 362px\" \/><\/span><\/p>\n<p style=\"text-align: justify;\"><span style=\"color: #000000;\"><em>Ave Mar\u00eda pur\u00edsima, sin pecado concebida.<\/em><\/span><\/p>\n","protected":false},"excerpt":{"rendered":"<div class=\"mh-excerpt\"><p>El pr\u00f3ximo viernes, 8 de diciembre, la Iglesia celebra la solemnidad de la Inmaculada Concepci\u00f3n, una fiesta muy sentida a lo largo y a lo <a class=\"mh-excerpt-more\" href=\"https:\/\/www.obispadorqta.org.ar\/v3\/homenaje-a-maria\/\" title=\"HOMENAJE A MARIA\">[&#8230;]<\/a><\/p>\n<\/div>","protected":false},"author":3,"featured_media":9422,"comment_status":"closed","ping_status":"open","sticky":false,"template":"","format":"standard","meta":{"footnotes":""},"categories":[6,28],"tags":[],"class_list":["post-9413","post","type-post","status-publish","format-standard","has-post-thumbnail","hentry","category-news","category-latest-news"],"_links":{"self":[{"href":"https:\/\/www.obispadorqta.org.ar\/v3\/wp-json\/wp\/v2\/posts\/9413","targetHints":{"allow":["GET"]}}],"collection":[{"href":"https:\/\/www.obispadorqta.org.ar\/v3\/wp-json\/wp\/v2\/posts"}],"about":[{"href":"https:\/\/www.obispadorqta.org.ar\/v3\/wp-json\/wp\/v2\/types\/post"}],"author":[{"embeddable":true,"href":"https:\/\/www.obispadorqta.org.ar\/v3\/wp-json\/wp\/v2\/users\/3"}],"replies":[{"embeddable":true,"href":"https:\/\/www.obispadorqta.org.ar\/v3\/wp-json\/wp\/v2\/comments?post=9413"}],"version-history":[{"count":2,"href":"https:\/\/www.obispadorqta.org.ar\/v3\/wp-json\/wp\/v2\/posts\/9413\/revisions"}],"predecessor-version":[{"id":9419,"href":"https:\/\/www.obispadorqta.org.ar\/v3\/wp-json\/wp\/v2\/posts\/9413\/revisions\/9419"}],"wp:featuredmedia":[{"embeddable":true,"href":"https:\/\/www.obispadorqta.org.ar\/v3\/wp-json\/wp\/v2\/media\/9422"}],"wp:attachment":[{"href":"https:\/\/www.obispadorqta.org.ar\/v3\/wp-json\/wp\/v2\/media?parent=9413"}],"wp:term":[{"taxonomy":"category","embeddable":true,"href":"https:\/\/www.obispadorqta.org.ar\/v3\/wp-json\/wp\/v2\/categories?post=9413"},{"taxonomy":"post_tag","embeddable":true,"href":"https:\/\/www.obispadorqta.org.ar\/v3\/wp-json\/wp\/v2\/tags?post=9413"}],"curies":[{"name":"wp","href":"https:\/\/api.w.org\/{rel}","templated":true}]}}