{"id":9451,"date":"2023-12-13T09:20:55","date_gmt":"2023-12-13T12:20:55","guid":{"rendered":"http:\/\/www.obispadorqta.org.ar\/v3\/?p=9451"},"modified":"2023-12-13T09:21:23","modified_gmt":"2023-12-13T12:21:23","slug":"inhumacion-de-cenizas-del-diacono-permanente-julio-cesar-altamiranda","status":"publish","type":"post","link":"https:\/\/www.obispadorqta.org.ar\/v3\/inhumacion-de-cenizas-del-diacono-permanente-julio-cesar-altamiranda\/","title":{"rendered":"INHUMACI\u00d3N DE CENIZAS DEL DI\u00c1CONO PERMANENTE JULIO CESAR ALTAMIRANDA"},"content":{"rendered":"<p style=\"text-align: justify;\"><span style=\"color: #000000;\">El pr\u00f3ximo s\u00e1bado 16 de diciembre, a las 18 hs., ser\u00e1n depositadas las cenizas del extinto Di\u00e1cono Permanente Julio Altamiranda, quien fuera servidor de esta Iglesia Particular, en el cinerario de la Iglesia Catedral de Reconquista, durante las exequias presididas por el Obispo Diocesano, Mons. \u00c1ngel Jos\u00e9 Mac\u00edn.<\/span><\/p>\n<p style=\"text-align: justify;\"><span style=\"color: #000000;\">De esta manera, sus restos quedar\u00e1n a la espera de la Resurrecci\u00f3n Final en nuestra Iglesia Madre, perteneciendo Julio al grupo de los primeros di\u00e1conos, en el proceso de instauraci\u00f3n del diaconado permanente en la Di\u00f3cesis, y el primero en partir a la casa del Se\u00f1or. Con este gesto y oraci\u00f3n agradecemos por su vida y pedimos por el crecimiento de vocaciones de servicio.<\/span><\/p>\n<p style=\"text-align: justify;\"><span style=\"color: #000000;\">Recordamos que el di\u00e1cono Julio Altamiranda naci\u00f3 el 06 de octubre de 1956, en Capital Federal, Provincia de Buenos Aires. Recibi\u00f3 el Sacramento del Orden Sagrado del Diaconado Permanente el 17 de agosto de 2014. Se desempe\u00f1o como di\u00e1cono Permanente adscripto a la parroquia \u201cInmaculada Concepci\u00f3n\u201d de Villa Ocampo y asistente Espiritual de la Pastoral de Adicciones de la zona norte de la di\u00f3cesis.<\/span><\/p>\n<p style=\"text-align: justify;\"><span style=\"color: #000000;\">Falleci\u00f3 el 23 de enero de 2022, luego de sobrellevar una grave enfermedad cr\u00f3nica que padec\u00eda.<\/span><\/p>\n<p style=\"text-align: justify;\">\n","protected":false},"excerpt":{"rendered":"<div class=\"mh-excerpt\"><p>El pr\u00f3ximo s\u00e1bado 16 de diciembre, a las 18 hs., ser\u00e1n depositadas las cenizas del extinto Di\u00e1cono Permanente Julio Altamiranda, quien fuera servidor de esta <a class=\"mh-excerpt-more\" href=\"https:\/\/www.obispadorqta.org.ar\/v3\/inhumacion-de-cenizas-del-diacono-permanente-julio-cesar-altamiranda\/\" title=\"INHUMACI\u00d3N DE CENIZAS DEL DI\u00c1CONO PERMANENTE JULIO CESAR ALTAMIRANDA\">[&#8230;]<\/a><\/p>\n<\/div>","protected":false},"author":3,"featured_media":7193,"comment_status":"closed","ping_status":"open","sticky":false,"template":"","format":"standard","meta":{"footnotes":""},"categories":[6,28],"tags":[],"class_list":["post-9451","post","type-post","status-publish","format-standard","has-post-thumbnail","hentry","category-news","category-latest-news"],"_links":{"self":[{"href":"https:\/\/www.obispadorqta.org.ar\/v3\/wp-json\/wp\/v2\/posts\/9451","targetHints":{"allow":["GET"]}}],"collection":[{"href":"https:\/\/www.obispadorqta.org.ar\/v3\/wp-json\/wp\/v2\/posts"}],"about":[{"href":"https:\/\/www.obispadorqta.org.ar\/v3\/wp-json\/wp\/v2\/types\/post"}],"author":[{"embeddable":true,"href":"https:\/\/www.obispadorqta.org.ar\/v3\/wp-json\/wp\/v2\/users\/3"}],"replies":[{"embeddable":true,"href":"https:\/\/www.obispadorqta.org.ar\/v3\/wp-json\/wp\/v2\/comments?post=9451"}],"version-history":[{"count":1,"href":"https:\/\/www.obispadorqta.org.ar\/v3\/wp-json\/wp\/v2\/posts\/9451\/revisions"}],"predecessor-version":[{"id":9452,"href":"https:\/\/www.obispadorqta.org.ar\/v3\/wp-json\/wp\/v2\/posts\/9451\/revisions\/9452"}],"wp:featuredmedia":[{"embeddable":true,"href":"https:\/\/www.obispadorqta.org.ar\/v3\/wp-json\/wp\/v2\/media\/7193"}],"wp:attachment":[{"href":"https:\/\/www.obispadorqta.org.ar\/v3\/wp-json\/wp\/v2\/media?parent=9451"}],"wp:term":[{"taxonomy":"category","embeddable":true,"href":"https:\/\/www.obispadorqta.org.ar\/v3\/wp-json\/wp\/v2\/categories?post=9451"},{"taxonomy":"post_tag","embeddable":true,"href":"https:\/\/www.obispadorqta.org.ar\/v3\/wp-json\/wp\/v2\/tags?post=9451"}],"curies":[{"name":"wp","href":"https:\/\/api.w.org\/{rel}","templated":true}]}}