{"id":9453,"date":"2023-12-14T09:01:22","date_gmt":"2023-12-14T12:01:22","guid":{"rendered":"http:\/\/www.obispadorqta.org.ar\/v3\/?p=9453"},"modified":"2023-12-14T09:01:58","modified_gmt":"2023-12-14T12:01:58","slug":"acolitado-del-seminarista-david-herman","status":"publish","type":"post","link":"https:\/\/www.obispadorqta.org.ar\/v3\/acolitado-del-seminarista-david-herman\/","title":{"rendered":"ACOLITADO DEL SEMINARISTA DAVID HERMAN"},"content":{"rendered":"<p style=\"text-align: justify;\"><span style=\"color: #000000;\">Participamos a toda la comunidad de la celebraci\u00f3n eucar\u00edstica en la cual el seminarista David Emanuel Herman, quien ha concluido recientemente su formaci\u00f3n en el Seminario Interdiocesano de Resistencia, ser\u00e1 instituido ac\u00f3lito por el Obispo Diocesano, Mons. \u00c1ngel Jos\u00e9 Mac\u00edn.<\/span><\/p>\n<p style=\"text-align: justify;\"><span style=\"color: #000000;\">La celebraci\u00f3n tendr\u00e1 lugar en la Capilla del Barrio Luj\u00e1n, de la Parroquia Mar\u00eda Madre de Dios, el 26 de diciembre de 2023, a las 19 hs.<\/span><\/p>\n<p><span style=\"color: #000000;\">Oramos con gratitud por este don que el Se\u00f1or nos hace a la Iglesia Diocesana<\/span><\/p>\n","protected":false},"excerpt":{"rendered":"<div class=\"mh-excerpt\"><p>Participamos a toda la comunidad de la celebraci\u00f3n eucar\u00edstica en la cual el seminarista David Emanuel Herman, quien ha concluido recientemente su formaci\u00f3n en el <a class=\"mh-excerpt-more\" href=\"https:\/\/www.obispadorqta.org.ar\/v3\/acolitado-del-seminarista-david-herman\/\" title=\"ACOLITADO DEL SEMINARISTA DAVID HERMAN\">[&#8230;]<\/a><\/p>\n<\/div>","protected":false},"author":3,"featured_media":9456,"comment_status":"closed","ping_status":"open","sticky":false,"template":"","format":"standard","meta":{"footnotes":""},"categories":[6,28],"tags":[],"class_list":["post-9453","post","type-post","status-publish","format-standard","has-post-thumbnail","hentry","category-news","category-latest-news"],"_links":{"self":[{"href":"https:\/\/www.obispadorqta.org.ar\/v3\/wp-json\/wp\/v2\/posts\/9453","targetHints":{"allow":["GET"]}}],"collection":[{"href":"https:\/\/www.obispadorqta.org.ar\/v3\/wp-json\/wp\/v2\/posts"}],"about":[{"href":"https:\/\/www.obispadorqta.org.ar\/v3\/wp-json\/wp\/v2\/types\/post"}],"author":[{"embeddable":true,"href":"https:\/\/www.obispadorqta.org.ar\/v3\/wp-json\/wp\/v2\/users\/3"}],"replies":[{"embeddable":true,"href":"https:\/\/www.obispadorqta.org.ar\/v3\/wp-json\/wp\/v2\/comments?post=9453"}],"version-history":[{"count":1,"href":"https:\/\/www.obispadorqta.org.ar\/v3\/wp-json\/wp\/v2\/posts\/9453\/revisions"}],"predecessor-version":[{"id":9455,"href":"https:\/\/www.obispadorqta.org.ar\/v3\/wp-json\/wp\/v2\/posts\/9453\/revisions\/9455"}],"wp:featuredmedia":[{"embeddable":true,"href":"https:\/\/www.obispadorqta.org.ar\/v3\/wp-json\/wp\/v2\/media\/9456"}],"wp:attachment":[{"href":"https:\/\/www.obispadorqta.org.ar\/v3\/wp-json\/wp\/v2\/media?parent=9453"}],"wp:term":[{"taxonomy":"category","embeddable":true,"href":"https:\/\/www.obispadorqta.org.ar\/v3\/wp-json\/wp\/v2\/categories?post=9453"},{"taxonomy":"post_tag","embeddable":true,"href":"https:\/\/www.obispadorqta.org.ar\/v3\/wp-json\/wp\/v2\/tags?post=9453"}],"curies":[{"name":"wp","href":"https:\/\/api.w.org\/{rel}","templated":true}]}}