{"id":9462,"date":"2023-12-22T12:20:29","date_gmt":"2023-12-22T15:20:29","guid":{"rendered":"http:\/\/www.obispadorqta.org.ar\/v3\/?p=9462"},"modified":"2023-12-22T12:23:11","modified_gmt":"2023-12-22T15:23:11","slug":"feliz-navidad-6","status":"publish","type":"post","link":"https:\/\/www.obispadorqta.org.ar\/v3\/feliz-navidad-6\/","title":{"rendered":"FELIZ NAVIDAD"},"content":{"rendered":"<p style=\"text-align: justify;\">Compartimos el saludo de Navidad de nuestro obispo diocesano, Mons. \u00c1ngel Jos\u00e9 Mac\u00edn, a todo el Pueblo de Dios y hace extensiva a todos su bendici\u00f3n.<\/p>\n","protected":false},"excerpt":{"rendered":"<div class=\"mh-excerpt\"><p>Compartimos el saludo de Navidad de nuestro obispo diocesano, Mons. \u00c1ngel Jos\u00e9 Mac\u00edn, a todo el Pueblo de Dios y hace extensiva a todos su <a class=\"mh-excerpt-more\" href=\"https:\/\/www.obispadorqta.org.ar\/v3\/feliz-navidad-6\/\" title=\"FELIZ NAVIDAD\">[&#8230;]<\/a><\/p>\n<\/div>","protected":false},"author":3,"featured_media":9465,"comment_status":"closed","ping_status":"open","sticky":false,"template":"","format":"standard","meta":{"footnotes":""},"categories":[6,28],"tags":[],"class_list":["post-9462","post","type-post","status-publish","format-standard","has-post-thumbnail","hentry","category-news","category-latest-news"],"_links":{"self":[{"href":"https:\/\/www.obispadorqta.org.ar\/v3\/wp-json\/wp\/v2\/posts\/9462","targetHints":{"allow":["GET"]}}],"collection":[{"href":"https:\/\/www.obispadorqta.org.ar\/v3\/wp-json\/wp\/v2\/posts"}],"about":[{"href":"https:\/\/www.obispadorqta.org.ar\/v3\/wp-json\/wp\/v2\/types\/post"}],"author":[{"embeddable":true,"href":"https:\/\/www.obispadorqta.org.ar\/v3\/wp-json\/wp\/v2\/users\/3"}],"replies":[{"embeddable":true,"href":"https:\/\/www.obispadorqta.org.ar\/v3\/wp-json\/wp\/v2\/comments?post=9462"}],"version-history":[{"count":1,"href":"https:\/\/www.obispadorqta.org.ar\/v3\/wp-json\/wp\/v2\/posts\/9462\/revisions"}],"predecessor-version":[{"id":9464,"href":"https:\/\/www.obispadorqta.org.ar\/v3\/wp-json\/wp\/v2\/posts\/9462\/revisions\/9464"}],"wp:featuredmedia":[{"embeddable":true,"href":"https:\/\/www.obispadorqta.org.ar\/v3\/wp-json\/wp\/v2\/media\/9465"}],"wp:attachment":[{"href":"https:\/\/www.obispadorqta.org.ar\/v3\/wp-json\/wp\/v2\/media?parent=9462"}],"wp:term":[{"taxonomy":"category","embeddable":true,"href":"https:\/\/www.obispadorqta.org.ar\/v3\/wp-json\/wp\/v2\/categories?post=9462"},{"taxonomy":"post_tag","embeddable":true,"href":"https:\/\/www.obispadorqta.org.ar\/v3\/wp-json\/wp\/v2\/tags?post=9462"}],"curies":[{"name":"wp","href":"https:\/\/api.w.org\/{rel}","templated":true}]}}