{"id":9466,"date":"2023-12-29T11:35:09","date_gmt":"2023-12-29T14:35:09","guid":{"rendered":"http:\/\/www.obispadorqta.org.ar\/v3\/?p=9466"},"modified":"2024-01-03T09:07:30","modified_gmt":"2024-01-03T12:07:30","slug":"campana-gravida-por-la-vida","status":"publish","type":"post","link":"https:\/\/www.obispadorqta.org.ar\/v3\/campana-gravida-por-la-vida\/","title":{"rendered":"Campa\u00f1a Gr\u00e1vida por la Vida"},"content":{"rendered":"<h4 class=\"wp-block-heading has-text-align-center\"><strong>\u00a1Viv\u00ed una Navidad distinta!<\/strong><\/h4>\n<p class=\"wp-block-heading has-text-align-center\"><em>\u201cLo envolvi\u00f3 en pa\u00f1ales y lo acost\u00f3 en un pesebre\u201d Lc.2,7<\/em><strong>\u00a0<\/strong><\/p>\n<p class=\"wp-block-heading has-text-align-center\" style=\"text-align: justify;\">Que los pa\u00f1ales sean un gesto de amor concreto para ayudar a envolver a Jes\u00fas en la vida de cada ni\u00f1o que nace en la pobreza de tantos pesebres de hoy.<\/p>\n<p style=\"text-align: justify;\"><strong><em>DON\u00c1 PA\u00d1ALES Y SUMATE a #NavidadEnPa\u00f1ales y ayudanos a difundirla: <a href=\"https:\/\/gravida.org.ar\/dona-panales\/\">https:\/\/gravida.org.ar\/dona-panales\/<\/a> <\/em><\/strong><\/p>\n<p class=\"wp-block-heading has-text-align-center\" style=\"text-align: center;\"><span style=\"color: #000000;\"><strong>\u00a1Particip\u00e1 de esta Navidad en Pa\u00f1ales!<\/strong><\/span><\/p>\n<p class=\"wp-block-heading has-text-align-center\" style=\"text-align: justify;\"><strong><em>En Villa Guillermina<\/em><\/strong>, en la parroquia, los d\u00edas Mi\u00e9rcoles de 9 a 10:30 hs., en misa o coordinar con Lorena: 3482 &#8211; 600985<br \/>\n<strong><em>En Lanteri,<\/em><\/strong> S\u00e1bado 23 en el Pesebre viviente.<br \/>\n<em><strong>En Avellaneda<\/strong><\/em>, en horario de secretaria parroquial o coordinar con Graciela: 3482 &#8211; 524337<br \/>\n<strong><em>En Reconquista<\/em><\/strong>, coordinar con Diana: 3482 &#8211; 696676<\/p>\n<p>Y si est\u00e1s lejos no te preocupes&#8230; tamb\u00eden pod\u00e9s hacer una donaci\u00f3n online a trav\u00e9s de la @fundacionamigosdegravida<\/p>\n<p>#AccionesSolidarias<br \/>\n#YoMeSumo #Navidad #AmigosSolidarios #NavidadEnPa\u00f1ales #Diciembre<br \/>\n#UnaOpci\u00f3nDeAyuda #EstoEsGr\u00e1vida #GraciasPorLaVida<br \/>\n#Maternidad #EmbarazoVulnerable<br \/>\n#M\u00e1sVidaEsM\u00e1sEsperanza<\/p>\n","protected":false},"excerpt":{"rendered":"<div class=\"mh-excerpt\"><p>\u00a1Viv\u00ed una Navidad distinta! \u201cLo envolvi\u00f3 en pa\u00f1ales y lo acost\u00f3 en un pesebre\u201d Lc.2,7\u00a0 Que los pa\u00f1ales sean un gesto de amor concreto para <a class=\"mh-excerpt-more\" href=\"https:\/\/www.obispadorqta.org.ar\/v3\/campana-gravida-por-la-vida\/\" title=\"Campa\u00f1a Gr\u00e1vida por la Vida\">[&#8230;]<\/a><\/p>\n<\/div>","protected":false},"author":3,"featured_media":9470,"comment_status":"closed","ping_status":"open","sticky":false,"template":"","format":"standard","meta":{"footnotes":""},"categories":[6,28],"tags":[],"class_list":["post-9466","post","type-post","status-publish","format-standard","has-post-thumbnail","hentry","category-news","category-latest-news"],"_links":{"self":[{"href":"https:\/\/www.obispadorqta.org.ar\/v3\/wp-json\/wp\/v2\/posts\/9466","targetHints":{"allow":["GET"]}}],"collection":[{"href":"https:\/\/www.obispadorqta.org.ar\/v3\/wp-json\/wp\/v2\/posts"}],"about":[{"href":"https:\/\/www.obispadorqta.org.ar\/v3\/wp-json\/wp\/v2\/types\/post"}],"author":[{"embeddable":true,"href":"https:\/\/www.obispadorqta.org.ar\/v3\/wp-json\/wp\/v2\/users\/3"}],"replies":[{"embeddable":true,"href":"https:\/\/www.obispadorqta.org.ar\/v3\/wp-json\/wp\/v2\/comments?post=9466"}],"version-history":[{"count":1,"href":"https:\/\/www.obispadorqta.org.ar\/v3\/wp-json\/wp\/v2\/posts\/9466\/revisions"}],"predecessor-version":[{"id":9468,"href":"https:\/\/www.obispadorqta.org.ar\/v3\/wp-json\/wp\/v2\/posts\/9466\/revisions\/9468"}],"wp:featuredmedia":[{"embeddable":true,"href":"https:\/\/www.obispadorqta.org.ar\/v3\/wp-json\/wp\/v2\/media\/9470"}],"wp:attachment":[{"href":"https:\/\/www.obispadorqta.org.ar\/v3\/wp-json\/wp\/v2\/media?parent=9466"}],"wp:term":[{"taxonomy":"category","embeddable":true,"href":"https:\/\/www.obispadorqta.org.ar\/v3\/wp-json\/wp\/v2\/categories?post=9466"},{"taxonomy":"post_tag","embeddable":true,"href":"https:\/\/www.obispadorqta.org.ar\/v3\/wp-json\/wp\/v2\/tags?post=9466"}],"curies":[{"name":"wp","href":"https:\/\/api.w.org\/{rel}","templated":true}]}}