{"id":9472,"date":"2024-01-03T09:06:35","date_gmt":"2024-01-03T12:06:35","guid":{"rendered":"http:\/\/www.obispadorqta.org.ar\/v3\/?p=9472"},"modified":"2024-01-08T10:27:55","modified_gmt":"2024-01-08T13:27:55","slug":"enero-tiempo-de-mision-2","status":"publish","type":"post","link":"https:\/\/www.obispadorqta.org.ar\/v3\/enero-tiempo-de-mision-2\/","title":{"rendered":"ENERO, TIEMPO DE MISI\u00d3N"},"content":{"rendered":"<p style=\"text-align: justify;\"><span style=\"color: #000000;\">Como es ya una tradici\u00f3n, durante el mes de enero y parte de febrero se realizan numerosas misiones en <\/span><span style=\"color: #000000;\">todo el territorio diocesano, desplegando de esta manera un valioso intercambio de experiencias de fe y comuni\u00f3n.<\/span><\/p>\n<p style=\"text-align: justify;\"><span style=\"color: #000000;\">Este a\u00f1o no es una excepci\u00f3n. Algunas misiones ya han comenzado y otras se realizar\u00e1n en las pr\u00f3ximas semanas.<\/span><br \/><span style=\"color: #000000;\">Creemos importante que se conozcan estas iniciativas y que, sobre todo, se pueda ofrecer oraciones y sacrificios por <\/span><span style=\"color: #000000;\">sus frutos.<\/span><\/p>\n<p style=\"text-align: justify;\"><span style=\"color: #000000;\">A continuaci\u00f3n, detallamos los datos que nos han llegado despu\u00e9s de una consulta a las parroquias. Puede <\/span><span style=\"color: #000000;\">que falte alguna. Todav\u00eda hay tiempo de compartir los dones recibidos, enviando los datos a los siguientes correos: <a href=\"mailto:auxiliar@obispadorqta.org.ar\" target=\"_blank\" rel=\"noopener noreferrer\">auxiliar@obispadorqta.org.ar<\/a>, o\u00a0<a href=\"mailto:secretaria@obispadorqta.org.ar\" target=\"_blank\" rel=\"noopener noreferrer\">secretaria@obispadorqta.org.ar<\/a><\/span><\/p>\n<p>Parroquias grupos misioneros <a href=\"https:\/\/www.obispadorqta.org.ar\/v3\/wp-content\/uploads\/2024\/01\/Parroquias-grupos-misioneros-1.pdf\">Parroquias grupos misioneros<\/a><\/p>\n\n\n<p><\/p>\n","protected":false},"excerpt":{"rendered":"<div class=\"mh-excerpt\"><p>Como es ya una tradici\u00f3n, durante el mes de enero y parte de febrero se realizan numerosas misiones en todo el territorio diocesano, desplegando de <a class=\"mh-excerpt-more\" href=\"https:\/\/www.obispadorqta.org.ar\/v3\/enero-tiempo-de-mision-2\/\" title=\"ENERO, TIEMPO DE MISI\u00d3N\">[&#8230;]<\/a><\/p>\n<\/div>","protected":false},"author":3,"featured_media":9475,"comment_status":"closed","ping_status":"open","sticky":false,"template":"","format":"standard","meta":{"footnotes":""},"categories":[6,28],"tags":[],"class_list":["post-9472","post","type-post","status-publish","format-standard","has-post-thumbnail","hentry","category-news","category-latest-news"],"_links":{"self":[{"href":"https:\/\/www.obispadorqta.org.ar\/v3\/wp-json\/wp\/v2\/posts\/9472","targetHints":{"allow":["GET"]}}],"collection":[{"href":"https:\/\/www.obispadorqta.org.ar\/v3\/wp-json\/wp\/v2\/posts"}],"about":[{"href":"https:\/\/www.obispadorqta.org.ar\/v3\/wp-json\/wp\/v2\/types\/post"}],"author":[{"embeddable":true,"href":"https:\/\/www.obispadorqta.org.ar\/v3\/wp-json\/wp\/v2\/users\/3"}],"replies":[{"embeddable":true,"href":"https:\/\/www.obispadorqta.org.ar\/v3\/wp-json\/wp\/v2\/comments?post=9472"}],"version-history":[{"count":4,"href":"https:\/\/www.obispadorqta.org.ar\/v3\/wp-json\/wp\/v2\/posts\/9472\/revisions"}],"predecessor-version":[{"id":9482,"href":"https:\/\/www.obispadorqta.org.ar\/v3\/wp-json\/wp\/v2\/posts\/9472\/revisions\/9482"}],"wp:featuredmedia":[{"embeddable":true,"href":"https:\/\/www.obispadorqta.org.ar\/v3\/wp-json\/wp\/v2\/media\/9475"}],"wp:attachment":[{"href":"https:\/\/www.obispadorqta.org.ar\/v3\/wp-json\/wp\/v2\/media?parent=9472"}],"wp:term":[{"taxonomy":"category","embeddable":true,"href":"https:\/\/www.obispadorqta.org.ar\/v3\/wp-json\/wp\/v2\/categories?post=9472"},{"taxonomy":"post_tag","embeddable":true,"href":"https:\/\/www.obispadorqta.org.ar\/v3\/wp-json\/wp\/v2\/tags?post=9472"}],"curies":[{"name":"wp","href":"https:\/\/api.w.org\/{rel}","templated":true}]}}