{"id":9483,"date":"2024-01-09T10:11:14","date_gmt":"2024-01-09T13:11:14","guid":{"rendered":"http:\/\/www.obispadorqta.org.ar\/v3\/?p=9483"},"modified":"2024-01-09T10:20:20","modified_gmt":"2024-01-09T13:20:20","slug":"calendario-diocesano-2024","status":"publish","type":"post","link":"https:\/\/www.obispadorqta.org.ar\/v3\/calendario-diocesano-2024\/","title":{"rendered":"CALENDARIO DIOCESANO 2024"},"content":{"rendered":"<p style=\"text-align: justify;\">Les hacemos llegar el <strong>Calendario Diocesano 2024 <\/strong>con las principales actividades de nuestra di\u00f3cesis y de la Iglesia Cat\u00f3lica.<\/p>\n<p style=\"text-align: justify;\">El mismo incluye los acontecimientos, celebraciones y los distintos encuentros previstos para este a\u00f1o, considerando que se ir\u00e1n sumando algunas nuevas actividades o se modificar\u00e1n algunas.<\/p>\n<p><a href=\"https:\/\/www.obispadorqta.org.ar\/v3\/wp-content\/uploads\/2024\/01\/CALENDARIO-DIOCESANO-2024.pdf\">CALENDARIO DIOCESANO 2024<\/a><\/p>\n\n\n<p><\/p>\n","protected":false},"excerpt":{"rendered":"<div class=\"mh-excerpt\"><p>Les hacemos llegar el Calendario Diocesano 2024 con las principales actividades de nuestra di\u00f3cesis y de la Iglesia Cat\u00f3lica. El mismo incluye los acontecimientos, celebraciones <a class=\"mh-excerpt-more\" href=\"https:\/\/www.obispadorqta.org.ar\/v3\/calendario-diocesano-2024\/\" title=\"CALENDARIO DIOCESANO 2024\">[&#8230;]<\/a><\/p>\n<\/div>","protected":false},"author":3,"featured_media":9487,"comment_status":"closed","ping_status":"open","sticky":false,"template":"","format":"standard","meta":{"footnotes":""},"categories":[6,28],"tags":[],"class_list":["post-9483","post","type-post","status-publish","format-standard","has-post-thumbnail","hentry","category-news","category-latest-news"],"_links":{"self":[{"href":"https:\/\/www.obispadorqta.org.ar\/v3\/wp-json\/wp\/v2\/posts\/9483","targetHints":{"allow":["GET"]}}],"collection":[{"href":"https:\/\/www.obispadorqta.org.ar\/v3\/wp-json\/wp\/v2\/posts"}],"about":[{"href":"https:\/\/www.obispadorqta.org.ar\/v3\/wp-json\/wp\/v2\/types\/post"}],"author":[{"embeddable":true,"href":"https:\/\/www.obispadorqta.org.ar\/v3\/wp-json\/wp\/v2\/users\/3"}],"replies":[{"embeddable":true,"href":"https:\/\/www.obispadorqta.org.ar\/v3\/wp-json\/wp\/v2\/comments?post=9483"}],"version-history":[{"count":4,"href":"https:\/\/www.obispadorqta.org.ar\/v3\/wp-json\/wp\/v2\/posts\/9483\/revisions"}],"predecessor-version":[{"id":9491,"href":"https:\/\/www.obispadorqta.org.ar\/v3\/wp-json\/wp\/v2\/posts\/9483\/revisions\/9491"}],"wp:featuredmedia":[{"embeddable":true,"href":"https:\/\/www.obispadorqta.org.ar\/v3\/wp-json\/wp\/v2\/media\/9487"}],"wp:attachment":[{"href":"https:\/\/www.obispadorqta.org.ar\/v3\/wp-json\/wp\/v2\/media?parent=9483"}],"wp:term":[{"taxonomy":"category","embeddable":true,"href":"https:\/\/www.obispadorqta.org.ar\/v3\/wp-json\/wp\/v2\/categories?post=9483"},{"taxonomy":"post_tag","embeddable":true,"href":"https:\/\/www.obispadorqta.org.ar\/v3\/wp-json\/wp\/v2\/tags?post=9483"}],"curies":[{"name":"wp","href":"https:\/\/api.w.org\/{rel}","templated":true}]}}