{"id":9498,"date":"2024-01-10T13:27:31","date_gmt":"2024-01-10T16:27:31","guid":{"rendered":"http:\/\/www.obispadorqta.org.ar\/v3\/?p=9498"},"modified":"2024-01-10T13:28:53","modified_gmt":"2024-01-10T16:28:53","slug":"comunicado-ante-la-emergencia-hidrica","status":"publish","type":"post","link":"https:\/\/www.obispadorqta.org.ar\/v3\/comunicado-ante-la-emergencia-hidrica\/","title":{"rendered":"COMUNICADO ANTE LA EMERGENCIA H\u00cdDRICA"},"content":{"rendered":"<p style=\"text-align: center;\"><strong>\u201cS\u00e1lvanos, Se\u00f1or\u201d (Mt 8,25)<\/strong><\/p>\n<p style=\"text-align: justify;\"><span style=\"color: #000000;\">Ante la emergencia h\u00eddrica que estamos padeciendo en gran parte del territorio diocesano, especialmente en la zona de Reconquista, quiero expresar mi cercan\u00eda a todas las personas y familias que est\u00e1n sufriendo por esta situaci\u00f3n extrema.<\/span><\/p>\n<p style=\"text-align: justify;\"><span style=\"color: #000000;\">Los invito, ante todo, a poner la confianza en Dios, como lo hicieron los disc\u00edpulos en medio de la tempestad. Necesitamos del Se\u00f1or para tener calma, serenidad, sentido com\u00fan y solidaridad. Los que quieran, podemos sumarnos a una cadena de oraci\u00f3n desde nuestros hogares pidiendo para que cese el mal tiempo y por la fortaleza todos los afectados.<\/span><\/p>\n<p style=\"text-align: justify;\"><span style=\"color: #000000;\">Adem\u00e1s, animo a la C\u00e1ritas Diocesana y a todas las C\u00e1ritas Parroquiales a sumarse al acompa\u00f1amiento por parte de las autoridades civiles de este drama, aportando la presencia, la escucha, y lo que est\u00e9 a nuestro alcance. Y exhorto a todos los cristianos a no descansar en C\u00e1ritas, sino a asumir una actitud proactiva, viviendo la confianza y la esperanza en Dios a trav\u00e9s de la solidaridad con quienes se encuentran en peores condiciones.<\/span><\/p>\n<p style=\"text-align: justify;\"><span style=\"color: #000000;\">Que Dios los colme con su paz y nos proteja de todo mal y de todo peligro.<\/span><\/p>\n<p style=\"text-align: justify;\"><span style=\"color: #000000;\">Reconquista, 10 de enero de 2024.<\/span><\/p>\n<p style=\"margin: 0cm 0cm 0.0001pt; text-align: right;\"><span style=\"color: black;\">+ P. \u00c1ngel Jos\u00e9 Mac\u00edn<\/span><\/p>\n<p style=\"margin: 0cm 0cm 0.0001pt; text-align: right;\"><span style=\"color: black;\">Obispo de Reconquista<\/span><\/p>\n","protected":false},"excerpt":{"rendered":"<div class=\"mh-excerpt\"><p>\u201cS\u00e1lvanos, Se\u00f1or\u201d (Mt 8,25) Ante la emergencia h\u00eddrica que estamos padeciendo en gran parte del territorio diocesano, especialmente en la zona de Reconquista, quiero expresar <a class=\"mh-excerpt-more\" href=\"https:\/\/www.obispadorqta.org.ar\/v3\/comunicado-ante-la-emergencia-hidrica\/\" title=\"COMUNICADO ANTE LA EMERGENCIA H\u00cdDRICA\">[&#8230;]<\/a><\/p>\n<\/div>","protected":false},"author":3,"featured_media":8303,"comment_status":"closed","ping_status":"open","sticky":false,"template":"","format":"standard","meta":{"footnotes":""},"categories":[6,28],"tags":[],"class_list":["post-9498","post","type-post","status-publish","format-standard","has-post-thumbnail","hentry","category-news","category-latest-news"],"_links":{"self":[{"href":"https:\/\/www.obispadorqta.org.ar\/v3\/wp-json\/wp\/v2\/posts\/9498","targetHints":{"allow":["GET"]}}],"collection":[{"href":"https:\/\/www.obispadorqta.org.ar\/v3\/wp-json\/wp\/v2\/posts"}],"about":[{"href":"https:\/\/www.obispadorqta.org.ar\/v3\/wp-json\/wp\/v2\/types\/post"}],"author":[{"embeddable":true,"href":"https:\/\/www.obispadorqta.org.ar\/v3\/wp-json\/wp\/v2\/users\/3"}],"replies":[{"embeddable":true,"href":"https:\/\/www.obispadorqta.org.ar\/v3\/wp-json\/wp\/v2\/comments?post=9498"}],"version-history":[{"count":2,"href":"https:\/\/www.obispadorqta.org.ar\/v3\/wp-json\/wp\/v2\/posts\/9498\/revisions"}],"predecessor-version":[{"id":9500,"href":"https:\/\/www.obispadorqta.org.ar\/v3\/wp-json\/wp\/v2\/posts\/9498\/revisions\/9500"}],"wp:featuredmedia":[{"embeddable":true,"href":"https:\/\/www.obispadorqta.org.ar\/v3\/wp-json\/wp\/v2\/media\/8303"}],"wp:attachment":[{"href":"https:\/\/www.obispadorqta.org.ar\/v3\/wp-json\/wp\/v2\/media?parent=9498"}],"wp:term":[{"taxonomy":"category","embeddable":true,"href":"https:\/\/www.obispadorqta.org.ar\/v3\/wp-json\/wp\/v2\/categories?post=9498"},{"taxonomy":"post_tag","embeddable":true,"href":"https:\/\/www.obispadorqta.org.ar\/v3\/wp-json\/wp\/v2\/tags?post=9498"}],"curies":[{"name":"wp","href":"https:\/\/api.w.org\/{rel}","templated":true}]}}