{"id":95,"date":"2009-07-27T14:11:35","date_gmt":"2009-07-27T14:11:35","guid":{"rendered":"http:\/\/www.obispadorqta.org.ar\/v3\/fun-adrian-eduardo\/"},"modified":"2024-03-05T10:31:44","modified_gmt":"2024-03-05T13:31:44","slug":"fun-adrian-eduardo","status":"publish","type":"post","link":"https:\/\/www.obispadorqta.org.ar\/v3\/fun-adrian-eduardo\/","title":{"rendered":"FUN, Adri\u00e1n Eduardo"},"content":{"rendered":"<p><!-- [if gte mso 9]><span data-mce-type=\"bookmark\" style=\"display: inline-block; width: 0px; overflow: hidden; line-height: 0;\" class=\"mce_SELRES_start\"><\/span><xml>  <w:WordDocument>   <w:View>Normal<\/w:View>   <w:Zoom>0<\/w:Zoom>   <w:HyphenationZone>21<\/w:HyphenationZone>   <w:PunctuationKerning\/>   <w:ValidateAgainstSchemas\/>   <w:SaveIfXMLInvalid>false<\/w:SaveIfXMLInvalid>   <w:IgnoreMixedContent>false<\/w:IgnoreMixedContent>   <w:AlwaysShowPlaceholderText>false<\/w:AlwaysShowPlaceholderText>   <w:Compatibility>    <w:BreakWrappedTables\/>    <w:SnapToGridInCell\/>    <w:WrapTextWithPunct\/>    <w:UseAsianBreakRules\/>    <w:DontGrowAutofit\/>   <\/w:Compatibility>   <w:BrowserLevel>MicrosoftInternetExplorer4<\/w:BrowserLevel>  <\/w:WordDocument> <\/xml><![endif]--><\/p>\n<p><u><strong>Datos personales<\/strong><\/u><\/p>\n<p>Naci\u00f3 el 12 de diciembre de 1988, en Avellaneda, Provincia de Santa Fe.<\/p>\n<p><u><strong>Estudios realizados y formaci\u00f3n recibida<\/strong><\/u><\/p>\n<p>Recibi\u00f3 el Sacramento del Orden Sagrado en el grado de Presbiterado el 10 de diciembre de 2017.<\/p>\n<p><u><strong>Experiencia Pastoral<\/strong><\/u><\/p>\n<p>\u2022 Secretario Canciller<br \/>\n\u2022Vicario Parroquial de la parroquia \u201cSan Roque\u201d de Reconquista.<\/p>\n<p><u><strong>Oficio Pastoral Actual<\/strong><\/u><\/p>\n<p>P\u00e1rroco de la Parroquia \u00abSanta Ana\u00bb de Florencia<br \/>\nOficial del Tribunal Diocesano de Reconquista<\/p>\n<p><u><strong>Asesor\u00edas<\/strong><\/u><\/p>\n<p>\u2022 Vice Director Diocesano de Misiones<\/p>\n<p><u><strong>Domicilio:<\/strong><\/u>\u00a0Calle 43 (Fuerza A\u00e9rea) N\u00ba 860, Reconquista, Santa Fe.<\/p>\n","protected":false},"excerpt":{"rendered":"<div class=\"mh-excerpt\"><p>Datos personales Naci\u00f3 el 12 de diciembre de 1988, en Avellaneda, Provincia de Santa Fe. Estudios realizados y formaci\u00f3n recibida Recibi\u00f3 el Sacramento del Orden <a class=\"mh-excerpt-more\" href=\"https:\/\/www.obispadorqta.org.ar\/v3\/fun-adrian-eduardo\/\" title=\"FUN, Adri\u00e1n Eduardo\">[&#8230;]<\/a><\/p>\n<\/div>","protected":false},"author":1,"featured_media":2630,"comment_status":"closed","ping_status":"open","sticky":false,"template":"","format":"standard","meta":{"footnotes":""},"categories":[59],"tags":[],"class_list":["post-95","post","type-post","status-publish","format-standard","has-post-thumbnail","hentry","category-presbiteros-diocesanos"],"_links":{"self":[{"href":"https:\/\/www.obispadorqta.org.ar\/v3\/wp-json\/wp\/v2\/posts\/95","targetHints":{"allow":["GET"]}}],"collection":[{"href":"https:\/\/www.obispadorqta.org.ar\/v3\/wp-json\/wp\/v2\/posts"}],"about":[{"href":"https:\/\/www.obispadorqta.org.ar\/v3\/wp-json\/wp\/v2\/types\/post"}],"author":[{"embeddable":true,"href":"https:\/\/www.obispadorqta.org.ar\/v3\/wp-json\/wp\/v2\/users\/1"}],"replies":[{"embeddable":true,"href":"https:\/\/www.obispadorqta.org.ar\/v3\/wp-json\/wp\/v2\/comments?post=95"}],"version-history":[{"count":8,"href":"https:\/\/www.obispadorqta.org.ar\/v3\/wp-json\/wp\/v2\/posts\/95\/revisions"}],"predecessor-version":[{"id":9610,"href":"https:\/\/www.obispadorqta.org.ar\/v3\/wp-json\/wp\/v2\/posts\/95\/revisions\/9610"}],"wp:featuredmedia":[{"embeddable":true,"href":"https:\/\/www.obispadorqta.org.ar\/v3\/wp-json\/wp\/v2\/media\/2630"}],"wp:attachment":[{"href":"https:\/\/www.obispadorqta.org.ar\/v3\/wp-json\/wp\/v2\/media?parent=95"}],"wp:term":[{"taxonomy":"category","embeddable":true,"href":"https:\/\/www.obispadorqta.org.ar\/v3\/wp-json\/wp\/v2\/categories?post=95"},{"taxonomy":"post_tag","embeddable":true,"href":"https:\/\/www.obispadorqta.org.ar\/v3\/wp-json\/wp\/v2\/tags?post=95"}],"curies":[{"name":"wp","href":"https:\/\/api.w.org\/{rel}","templated":true}]}}