{"id":9503,"date":"2024-01-12T09:28:38","date_gmt":"2024-01-12T12:28:38","guid":{"rendered":"http:\/\/www.obispadorqta.org.ar\/v3\/?p=9503"},"modified":"2024-01-12T09:41:50","modified_gmt":"2024-01-12T12:41:50","slug":"domingo-de-la-palabra-de-dios-3","status":"publish","type":"post","link":"https:\/\/www.obispadorqta.org.ar\/v3\/domingo-de-la-palabra-de-dios-3\/","title":{"rendered":"DOMINGO DE LA PALABRA DE DIOS"},"content":{"rendered":"<p style=\"text-align: justify;\"><span style=\"color: #000000;\">La pr\u00f3xima edici\u00f3n del Domingo de la Palabra de Dios, que se celebrar\u00e1 en la Bas\u00edlica de San Pedro con la presencia del Papa Francisco el domingo 21 de enero de 2024, el lema escogido est\u00e1 tomado del Evangelio seg\u00fan san Juan: <em>\u00abPermaneced en mi Palabra\u00bb<\/em> (cf. Jn 8,31).<\/span><\/p>\n<p style=\"text-align: justify;\"><span style=\"color: #000000;\">Invitamos a las personas, a las comunidades parroquiales, y especialmente a los grupos b\u00edblicos a aprovechar este tiempo de receso para dejarse iluminar por la Palabra y a pensar algunas iniciativas para compartir el valor de la misma en torno al tercer domingo del tiempo ordinario.<\/span><\/p>\n<p style=\"text-align: right;\"><span style=\"color: #000000;\">Pastoral B\u00edblica Diocesana<\/span><\/p>\n","protected":false},"excerpt":{"rendered":"<div class=\"mh-excerpt\"><p>La pr\u00f3xima edici\u00f3n del Domingo de la Palabra de Dios, que se celebrar\u00e1 en la Bas\u00edlica de San Pedro con la presencia del Papa Francisco <a class=\"mh-excerpt-more\" href=\"https:\/\/www.obispadorqta.org.ar\/v3\/domingo-de-la-palabra-de-dios-3\/\" title=\"DOMINGO DE LA PALABRA DE DIOS\">[&#8230;]<\/a><\/p>\n<\/div>","protected":false},"author":3,"featured_media":9504,"comment_status":"closed","ping_status":"open","sticky":false,"template":"","format":"standard","meta":{"footnotes":""},"categories":[6,28],"tags":[],"class_list":["post-9503","post","type-post","status-publish","format-standard","has-post-thumbnail","hentry","category-news","category-latest-news"],"_links":{"self":[{"href":"https:\/\/www.obispadorqta.org.ar\/v3\/wp-json\/wp\/v2\/posts\/9503","targetHints":{"allow":["GET"]}}],"collection":[{"href":"https:\/\/www.obispadorqta.org.ar\/v3\/wp-json\/wp\/v2\/posts"}],"about":[{"href":"https:\/\/www.obispadorqta.org.ar\/v3\/wp-json\/wp\/v2\/types\/post"}],"author":[{"embeddable":true,"href":"https:\/\/www.obispadorqta.org.ar\/v3\/wp-json\/wp\/v2\/users\/3"}],"replies":[{"embeddable":true,"href":"https:\/\/www.obispadorqta.org.ar\/v3\/wp-json\/wp\/v2\/comments?post=9503"}],"version-history":[{"count":1,"href":"https:\/\/www.obispadorqta.org.ar\/v3\/wp-json\/wp\/v2\/posts\/9503\/revisions"}],"predecessor-version":[{"id":9505,"href":"https:\/\/www.obispadorqta.org.ar\/v3\/wp-json\/wp\/v2\/posts\/9503\/revisions\/9505"}],"wp:featuredmedia":[{"embeddable":true,"href":"https:\/\/www.obispadorqta.org.ar\/v3\/wp-json\/wp\/v2\/media\/9504"}],"wp:attachment":[{"href":"https:\/\/www.obispadorqta.org.ar\/v3\/wp-json\/wp\/v2\/media?parent=9503"}],"wp:term":[{"taxonomy":"category","embeddable":true,"href":"https:\/\/www.obispadorqta.org.ar\/v3\/wp-json\/wp\/v2\/categories?post=9503"},{"taxonomy":"post_tag","embeddable":true,"href":"https:\/\/www.obispadorqta.org.ar\/v3\/wp-json\/wp\/v2\/tags?post=9503"}],"curies":[{"name":"wp","href":"https:\/\/api.w.org\/{rel}","templated":true}]}}