{"id":9511,"date":"2024-01-20T21:56:24","date_gmt":"2024-01-21T00:56:24","guid":{"rendered":"http:\/\/www.obispadorqta.org.ar\/v3\/?p=9511"},"modified":"2024-01-21T09:13:35","modified_gmt":"2024-01-21T12:13:35","slug":"salud-del-p-jorge-mohamed","status":"publish","type":"post","link":"https:\/\/www.obispadorqta.org.ar\/v3\/salud-del-p-jorge-mohamed\/","title":{"rendered":"Salud del P. Jorge Mohamed"},"content":{"rendered":"<p style=\"text-align: justify;\">Desde el Obispado de Reconquista informamos al Pueblo de Dios que el Padre Jorge Mohamed se encuentra internado en la Ciudad de Buenos Aires, y que su estado de salud es delicado.<\/p>\n<p style=\"text-align: justify;\">Recordamos que el Padre Jorge Mohamed es un sacerdote incardinado en la Di\u00f3cesis de Reconquista, qui\u00e9n hace tiempo reside en el Hogar Sacerdotal de la Arquidi\u00f3cesis de Buenos Aires \u00abMons. Mariano A. Espinosa\u00bb.<\/p>\n<p style=\"text-align: justify;\">El Padre Jorge se desempe\u00f1\u00f3 como Cura P\u00e1rroco de la Parroquia \u00abSan Roque\u00bb de Margarita, como Administrador Parroquial de la Parroquia \u00abLa Encarnaci\u00f3n del Se\u00f1or\u00bb de La Sarita y como Asesor Diocesano de la Renovaci\u00f3n Carism\u00e1tica Cat\u00f3lica, entre otros servicios a nuestra iglesia diocesana, luego, al trasladarse a la ciudad de Buenos Aires, prest\u00f3 sus servicios en la Cl\u00ednica San Camilo.<\/p>\n<p style=\"text-align: justify;\">Unimos nuestras oraciones por la pronta recuperaci\u00f3n del Padre Jorge y por todos aquellos que lo necesiten.<\/p>\n","protected":false},"excerpt":{"rendered":"<div class=\"mh-excerpt\"><p>Desde el Obispado de Reconquista informamos al Pueblo de Dios que el Padre Jorge Mohamed se encuentra internado en la Ciudad de Buenos Aires, y <a class=\"mh-excerpt-more\" href=\"https:\/\/www.obispadorqta.org.ar\/v3\/salud-del-p-jorge-mohamed\/\" title=\"Salud del P. Jorge Mohamed\">[&#8230;]<\/a><\/p>\n<\/div>","protected":false},"author":2,"featured_media":9512,"comment_status":"closed","ping_status":"open","sticky":false,"template":"","format":"standard","meta":{"footnotes":""},"categories":[6,28],"tags":[],"class_list":["post-9511","post","type-post","status-publish","format-standard","has-post-thumbnail","hentry","category-news","category-latest-news"],"_links":{"self":[{"href":"https:\/\/www.obispadorqta.org.ar\/v3\/wp-json\/wp\/v2\/posts\/9511","targetHints":{"allow":["GET"]}}],"collection":[{"href":"https:\/\/www.obispadorqta.org.ar\/v3\/wp-json\/wp\/v2\/posts"}],"about":[{"href":"https:\/\/www.obispadorqta.org.ar\/v3\/wp-json\/wp\/v2\/types\/post"}],"author":[{"embeddable":true,"href":"https:\/\/www.obispadorqta.org.ar\/v3\/wp-json\/wp\/v2\/users\/2"}],"replies":[{"embeddable":true,"href":"https:\/\/www.obispadorqta.org.ar\/v3\/wp-json\/wp\/v2\/comments?post=9511"}],"version-history":[{"count":3,"href":"https:\/\/www.obispadorqta.org.ar\/v3\/wp-json\/wp\/v2\/posts\/9511\/revisions"}],"predecessor-version":[{"id":9515,"href":"https:\/\/www.obispadorqta.org.ar\/v3\/wp-json\/wp\/v2\/posts\/9511\/revisions\/9515"}],"wp:featuredmedia":[{"embeddable":true,"href":"https:\/\/www.obispadorqta.org.ar\/v3\/wp-json\/wp\/v2\/media\/9512"}],"wp:attachment":[{"href":"https:\/\/www.obispadorqta.org.ar\/v3\/wp-json\/wp\/v2\/media?parent=9511"}],"wp:term":[{"taxonomy":"category","embeddable":true,"href":"https:\/\/www.obispadorqta.org.ar\/v3\/wp-json\/wp\/v2\/categories?post=9511"},{"taxonomy":"post_tag","embeddable":true,"href":"https:\/\/www.obispadorqta.org.ar\/v3\/wp-json\/wp\/v2\/tags?post=9511"}],"curies":[{"name":"wp","href":"https:\/\/api.w.org\/{rel}","templated":true}]}}