{"id":953,"date":"2014-08-07T14:48:27","date_gmt":"2014-08-07T14:48:27","guid":{"rendered":"http:\/\/www.obispadorqta.org.ar\/v3\/padrearmandoyaccuzzi\/"},"modified":"2014-08-07T14:48:27","modified_gmt":"2014-08-07T14:48:27","slug":"padrearmandoyaccuzzi","status":"publish","type":"post","link":"https:\/\/www.obispadorqta.org.ar\/v3\/padrearmandoyaccuzzi\/","title":{"rendered":"SEMBLANZA PADRE ARMANDO ADOLFO YACUZZI"},"content":{"rendered":"<div style=\"text-align: center\"><img loading=\"lazy\" decoding=\"async\" src=\"https:\/\/fbcdn-sphotos-f-a.akamaihd.net\/hphotos-ak-xpf1\/t1.0-9\/10599162_648626271900534_6965253967251807921_n.jpg\" border=\"0\" width=\"300\" height=\"550\" \/><\/div>\n<div>\u00a0<\/div>\n<div>Solemnidad, la Transfiguraci\u00f3n del Se\u00f1or, 06 de agosto \u00a0de 2014<\/div>\n<div><\/div>\n<div>Ayer, 05 de agosto de 2014, a la edad de 80 a\u00f1os, falleci\u00f3 el presb\u00edtero Armando Adolfo Yaccuzzi, qui\u00e9n \u00faltimamente desempe\u00f1aba su ministerio sacerdotal en la Parroquia \u201cSagrado Coraz\u00f3n de Jes\u00fas\u201d, de Villa Ana (desde el mes de Abril de 2005). Era Asesor diocesano de la Catequesis Especial.<\/div>\n<div><\/div>\n<div>Hab\u00eda nacido en la ciudad de Villa Ocampo, Provincia de Santa Fe, el 31 de marzo de 1934, hijo de Don Jerem\u00edas Yaccuzzi y de Do\u00f1a Catalina Stechina. Fue bautizado en la parroquia \u201cInmaculada Concepci\u00f3n\u201d, de Villa Ocampo, el 04 de abril de 1934, siendo sus padrinos Sr. Antonio Yaccuzzi y Sra. Isabel Stechina.<\/div>\n<div>Recibi\u00f3 la ordenaci\u00f3n diaconal en el Seminario de Guadalupe (Sta. Fe), el 20 de septiembre de 1958, por Mons. Nicol\u00e1s Fassolino.<\/div>\n<div>Fue ordenado sacerdote el 14 de diciembre de 1958, en la parroquia de la \u201cCatedral de Reconquista\u201d, de la mano de Mons. Juan Jos\u00e9 Iriarte.<\/div>\n<div><\/div>\n<div>El Padre Armando ejerci\u00f3, primeramente, su ministerio sacerdotal muy ligado a la curia diocesana, siendo designado secretario canciller, ejerciendo distintas asesor\u00edas, capellan\u00edas, vicariatos, siendo nombrado delegado Episcopal el 15 de agosto de 1965, dado que el Obispo Mons. J. J. Iriarte deb\u00eda asistir a la Cuarta Secci\u00f3n del Concilio Ecum\u00e9nico Vaticano II.\u00a0<\/div>\n<div>As\u00ed mismo en diversos periodos asumi\u00f3 funciones en los consejos de consultores, presbiterales y pastorales. Tambi\u00e9n fue nombrado confesor extraordinario de las Religiosas de San Jos\u00e9. Asesor espiritual de Asociaciones, Liga de Padres de Familia, \u00a0Colegios, Movimientos, Organismos, Cooperadores parroquiales e Instituciones de servicio.<\/div>\n<div>Se desempe\u00f1\u00f3 con generosidad y responsabilidad apost\u00f3lica como Director Diocesano de Catequesis durante 30 a\u00f1os (1983 a 2012) y tuvo la delicada tarea de formador \u00a0de catequistas tanto a nivel diocesano, regional y nacional (miembro de la Junta Nacional de Catequesis).<\/div>\n<div><\/div>\n<div>Durante 18 a\u00f1os (1986-2004) atendi\u00f3, acompa\u00f1\u00f3 y gui\u00f3 al estilo de Jes\u00fas a la comunidad parroquial \u201cSagrado Coraz\u00f3n de Jes\u00fas\u201d de Villa Guillermina, en \u00a0comuni\u00f3n con las parroquias de la zona monte y \u00a0con toda la Iglesia diocesana.<\/div>\n<div>Desde abril de 2004 a abril de 2005 cumpli\u00f3 el oficio de Vicario Parroquial en la jurisdicci\u00f3n de la parroquia \u201cNuestra Se\u00f1ora de Merced\u201d en Avellaneda. Residiendo en la zona centro de la di\u00f3cesis integr\u00f3 la comisi\u00f3n de preparaci\u00f3n del Jubileo diocesano (2003-2007)<\/div>\n<div><\/div>\n<div>Su sabidur\u00eda evang\u00e9lica, su vida ejemplar al lado de los m\u00e1s pobres, y su permanente inquietud por el compromiso pastoral diocesano lo llevaron a prestar servicios en la Iglesia que ayudaban a pensar, rezar y conversar.<\/div>\n<div><\/div>\n<div>\u00a0<\/div>\n<div>Por su profunda vida de uni\u00f3n con Dios, muchos se acercaron a \u00e9l buscando la palabra de orientaci\u00f3n de sus vidas. Por este servicio tan importante y al mismo tiempo muy exigente, son numerosas las personas que se consideran verdaderos hijos e hijas espirituales del P. Armando.<\/div>\n<div><\/div>\n<div>El Padre Armando nos revel\u00f3 el secreto que dio sentido, fuerza y tantas veces consuelo a su vida sacerdotal: el encuentro frecuente y prolongado con la presencia de Jes\u00fas en la Eucarist\u00eda.\u00a0<\/div>\n<div><\/div>\n<div>Damos gracias a Dios por la vida y el ministerio del P. Armando en nuestra di\u00f3cesis y lo encomendamos a Mar\u00eda Sant\u00edsima.\u00a0<\/div>\n<div>Le decimos tambi\u00e9n, que seguimos unidos a \u00e9l, que necesitamos nos siga acompa\u00f1ando a servir con generosidad y alegr\u00eda a nuestros hermanos y a la Iglesia que am\u00f3 y dedic\u00f3 su vida.<\/div>\n<div><\/div>\n<div>En la Esperanza del Cristo Resucitado.<\/div>\n<div><\/div>\n<div>Obispado de Reconquista.<\/div>\n","protected":false},"excerpt":{"rendered":"<div class=\"mh-excerpt\"><div style=\"text-align: center\"><img loading=\"lazy\" decoding=\"async\" src=\"https:\/\/fbcdn-sphotos-f-a.akamaihd.net\/hphotos-ak-xpf1\/t1.0-9\/10599162_648626271900534_6965253967251807921_n.jpg\" border=\"0\" width=\"300\" height=\"550\" \/><\/div>\n<div>\u00a0<\/div>\n<\/div>","protected":false},"author":1,"featured_media":0,"comment_status":"open","ping_status":"open","sticky":false,"template":"","format":"standard","meta":{"footnotes":""},"categories":[28],"tags":[],"class_list":["post-953","post","type-post","status-publish","format-standard","hentry","category-latest-news"],"_links":{"self":[{"href":"https:\/\/www.obispadorqta.org.ar\/v3\/wp-json\/wp\/v2\/posts\/953","targetHints":{"allow":["GET"]}}],"collection":[{"href":"https:\/\/www.obispadorqta.org.ar\/v3\/wp-json\/wp\/v2\/posts"}],"about":[{"href":"https:\/\/www.obispadorqta.org.ar\/v3\/wp-json\/wp\/v2\/types\/post"}],"author":[{"embeddable":true,"href":"https:\/\/www.obispadorqta.org.ar\/v3\/wp-json\/wp\/v2\/users\/1"}],"replies":[{"embeddable":true,"href":"https:\/\/www.obispadorqta.org.ar\/v3\/wp-json\/wp\/v2\/comments?post=953"}],"version-history":[{"count":0,"href":"https:\/\/www.obispadorqta.org.ar\/v3\/wp-json\/wp\/v2\/posts\/953\/revisions"}],"wp:attachment":[{"href":"https:\/\/www.obispadorqta.org.ar\/v3\/wp-json\/wp\/v2\/media?parent=953"}],"wp:term":[{"taxonomy":"category","embeddable":true,"href":"https:\/\/www.obispadorqta.org.ar\/v3\/wp-json\/wp\/v2\/categories?post=953"},{"taxonomy":"post_tag","embeddable":true,"href":"https:\/\/www.obispadorqta.org.ar\/v3\/wp-json\/wp\/v2\/tags?post=953"}],"curies":[{"name":"wp","href":"https:\/\/api.w.org\/{rel}","templated":true}]}}