{"id":960,"date":"2014-08-20T12:44:33","date_gmt":"2014-08-20T12:44:33","guid":{"rendered":"http:\/\/www.obispadorqta.org.ar\/v3\/dialogo-abierto-por-la-paz-social-en-vera-santa-fe\/"},"modified":"2014-08-20T12:44:33","modified_gmt":"2014-08-20T12:44:33","slug":"dialogo-abierto-por-la-paz-social-en-vera-santa-fe","status":"publish","type":"post","link":"https:\/\/www.obispadorqta.org.ar\/v3\/dialogo-abierto-por-la-paz-social-en-vera-santa-fe\/","title":{"rendered":"Di\u00e1logo Abierto por la Paz Social en Vera, Santa Fe"},"content":{"rendered":"<div>\n<div style=\"text-align: left\"><img loading=\"lazy\" decoding=\"async\" src=\"https:\/\/fbcdn-sphotos-g-a.akamaihd.net\/hphotos-ak-xfp1\/v\/t1.0-9\/10435927_654852727944555_28404021331356248_n.jpg?oh=d66b28660c4647ffd434eab2a28da11b&#038;oe=54678F45&#038;__gda__=1416013380_6864ab59ba21e07ff048072820cdb494\" border=\"0\" width=\"362\" height=\"198\" \/><\/div>\n<p><\/div>\n<div align=\"justify\"><font style=\"font-size: 12px\" color=\"#000000\">La\u00a0 Pastoral Social de la di\u00f3cesis de Reconquista junto al Instituto San Juan Bautista invitan al encuentro \u201cDIALOGO ABIERTO POR LA PAZ SOCIAL\u201d a realizarse el d\u00eda <strong>22 de Agosto de 2014, a las 20hs, en el sal\u00f3n del Club de Abuelos, sito en calle 9 de julio de la ciudad de Vera. <\/strong><\/font> <\/div>\n<div align=\"justify\">\u00a0<\/div>\n<div align=\"justify\"><font color=\"#000000\">Como cristianos, nos sentimos cercanos y dolidos por la gente que fue v\u00edctima de la inseguridad en estos \u00faltimos tiempos y solidarios con quienes sufren distintos tipos de violencia, la cual, lamentablemente, desde hace mucho tiempo afecta la convivencia entre nosotros, en nuestras familias y en nuestros barrios, en nuestros grupos e instituciones. <\/font><\/div>\n<div align=\"justify\">\u00a0<\/div>\n<div align=\"justify\"><font color=\"#000000\">Somos conscientes de la complejidad de la situaci\u00f3n y de sus causas. Sin embargo, estamos convencidos que solamente en el marco del derecho y la justicia, del di\u00e1logo, la tolerancia y el perd\u00f3n, podemos superar estos males. El \u00fanico camino que nos lleva a buen puerto es la b\u00fasqueda de la paz, una paz social s\u00f3lida y duradera. Nunca el camino de la violencia y la venganza.<\/font><\/div>\n<div align=\"justify\">\u00a0<\/div>\n<div align=\"justify\"><font color=\"#000000\">Por todo esto, fomentando la cultura del encuentro y del di\u00e1logo, ofrecemos este espacio para avanzar sobre propuestas positivas y concretas, que nos involucren a todos aquellos que nos sentimos movidos a trabajar por la paz.<\/font><\/div>\n<div align=\"justify\">\u00a0<\/div>\n<div align=\"justify\">\u00a0<\/div>\n<div align=\"justify\" style=\"font-size: 10px\"><strong><font color=\"#000000\">Equipo Coordinador \u00a0\u00a0\u00a0 \u00a0\u00a0\u00a0\u00a0\u00a0\u00a0\u00a0\u00a0\u00a0\u00a0\u00a0\u00a0\u00a0\u00a0\u00a0\u00a0\u00a0\u00a0\u00a0 Prof. Horacio Gonz\u00e1lez\u00a0\u00a0\u00a0\u00a0\u00a0\u00a0\u00a0\u00a0\u00a0\u00a0\u00a0\u00a0\u00a0\u00a0\u00a0\u00a0\u00a0\u00a0\u00a0\u00a0\u00a0\u00a0\u00a0\u00a0\u00a0\u00a0\u00a0 Mons. \u00c1ngel Jos\u00e9 Mac\u00edn\u00a0\u00a0\u00a0\u00a0\u00a0\u00a0\u00a0\u00a0\u00a0\u00a0\u00a0\u00a0\u00a0\u00a0\u00a0\u00a0\u00a0\u00a0<\/font><\/strong><\/div>\n<div align=\"justify\" style=\"font-size: 10px\"><strong><font color=\"#000000\">Pastoral Social\u00a0\u00a0\u00a0 \u00a0\u00a0\u00a0\u00a0\u00a0\u00a0\u00a0\u00a0\u00a0\u00a0\u00a0\u00a0\u00a0\u00a0\u00a0\u00a0\u00a0\u00a0\u00a0\u00a0 Director Instituto San Juan Bautista\u00a0\u00a0\u00a0 \u00a0\u00a0\u00a0\u00a0\u00a0\u00a0\u00a0\u00a0\u00a0\u00a0 Obispo de Reconquista<\/font><\/strong><\/div>\n","protected":false},"excerpt":{"rendered":"<div class=\"mh-excerpt\"><div>\n<div style=\"text-align: left\"><img loading=\"lazy\" decoding=\"async\" src=\"https:\/\/fbcdn-sphotos-g-a.akamaihd.net\/hphotos-ak-xfp1\/v\/t1.0-9\/10435927_654852727944555_28404021331356248_n.jpg?oh=d66b28660c4647ffd434eab2a28da11b&#038;oe=54678F45&#038;__gda__=1416013380_6864ab59ba21e07ff048072820cdb494\" border=\"0\" width=\"362\" height=\"198\" \/><\/div>\n<p><\/div>\n<div align=\"justify\"><font style=\"font-size: 12px\" color=\"#000000\">La\u00a0 Pastoral Social de la di\u00f3cesis de Reconquista junto al Instituto San Juan Bautista invitan al encuentro \u201cDIALOGO ABIERTO POR LA PAZ SOCIAL\u201d a realizarse el d\u00eda <strong>22 de Agosto de 2014, a las 20hs, en el sal\u00f3n del Club de Abuelos, sito en calle 9 de julio de la ciudad de Vera. <\/strong><\/font><\/p>\n<\/div>","protected":false},"author":1,"featured_media":0,"comment_status":"open","ping_status":"open","sticky":false,"template":"","format":"standard","meta":{"footnotes":""},"categories":[28],"tags":[],"class_list":["post-960","post","type-post","status-publish","format-standard","hentry","category-latest-news"],"_links":{"self":[{"href":"https:\/\/www.obispadorqta.org.ar\/v3\/wp-json\/wp\/v2\/posts\/960","targetHints":{"allow":["GET"]}}],"collection":[{"href":"https:\/\/www.obispadorqta.org.ar\/v3\/wp-json\/wp\/v2\/posts"}],"about":[{"href":"https:\/\/www.obispadorqta.org.ar\/v3\/wp-json\/wp\/v2\/types\/post"}],"author":[{"embeddable":true,"href":"https:\/\/www.obispadorqta.org.ar\/v3\/wp-json\/wp\/v2\/users\/1"}],"replies":[{"embeddable":true,"href":"https:\/\/www.obispadorqta.org.ar\/v3\/wp-json\/wp\/v2\/comments?post=960"}],"version-history":[{"count":0,"href":"https:\/\/www.obispadorqta.org.ar\/v3\/wp-json\/wp\/v2\/posts\/960\/revisions"}],"wp:attachment":[{"href":"https:\/\/www.obispadorqta.org.ar\/v3\/wp-json\/wp\/v2\/media?parent=960"}],"wp:term":[{"taxonomy":"category","embeddable":true,"href":"https:\/\/www.obispadorqta.org.ar\/v3\/wp-json\/wp\/v2\/categories?post=960"},{"taxonomy":"post_tag","embeddable":true,"href":"https:\/\/www.obispadorqta.org.ar\/v3\/wp-json\/wp\/v2\/tags?post=960"}],"curies":[{"name":"wp","href":"https:\/\/api.w.org\/{rel}","templated":true}]}}