{"id":9614,"date":"2024-03-07T11:30:00","date_gmt":"2024-03-07T14:30:00","guid":{"rendered":"http:\/\/www.obispadorqta.org.ar\/v3\/?p=9614"},"modified":"2024-03-07T11:29:14","modified_gmt":"2024-03-07T14:29:14","slug":"mensaje-obispos-nea","status":"publish","type":"post","link":"https:\/\/www.obispadorqta.org.ar\/v3\/mensaje-obispos-nea\/","title":{"rendered":"Mensaje Obispos NEA"},"content":{"rendered":"<p style=\"text-align: justify;\">Compartimos el documento que han publicado los Obispos de la regi\u00f3n NEA al final de sus conversaciones llevadas a cabo en el encuentro que mantuvieron en Santo Tom\u00e9, Corrientes, los d\u00edas 27, 28 y 29 de febrero.<\/p>\n<p style=\"text-align: justify;\">Las mismas contienen la intenci\u00f3n de ser un aporte de la Iglesia de la regi\u00f3n al fortalecimiento de la democracia.<\/p>\n<p>Para descargar el archivo en formato PDF haga click en el siguiente enlace: <a href=\"https:\/\/www.obispadorqta.org.ar\/v3\/wp-content\/uploads\/2024\/03\/Construyamos-juntos-la-fraternidad-Obispos-NEA-29-de-febrero-de-2024.pdf\">Construyamos juntos la fraternidad -Obispos NEA- 29 de febrero de 2024<\/a><\/p>\n<p><img loading=\"lazy\" decoding=\"async\" class=\"aligncenter size-full wp-image-9628\" src=\"https:\/\/www.obispadorqta.org.ar\/v3\/wp-content\/uploads\/2024\/03\/Construyamos-juntos-la-fraternidad-Obispos-NEA-29-de-febrero-de-2024_page-0001-scaled.jpg\" alt=\"\" width=\"1707\" height=\"2560\" srcset=\"https:\/\/www.obispadorqta.org.ar\/v3\/wp-content\/uploads\/2024\/03\/Construyamos-juntos-la-fraternidad-Obispos-NEA-29-de-febrero-de-2024_page-0001-scaled.jpg 1707w, https:\/\/www.obispadorqta.org.ar\/v3\/wp-content\/uploads\/2024\/03\/Construyamos-juntos-la-fraternidad-Obispos-NEA-29-de-febrero-de-2024_page-0001-200x300.jpg 200w, https:\/\/www.obispadorqta.org.ar\/v3\/wp-content\/uploads\/2024\/03\/Construyamos-juntos-la-fraternidad-Obispos-NEA-29-de-febrero-de-2024_page-0001-683x1024.jpg 683w, https:\/\/www.obispadorqta.org.ar\/v3\/wp-content\/uploads\/2024\/03\/Construyamos-juntos-la-fraternidad-Obispos-NEA-29-de-febrero-de-2024_page-0001-768x1152.jpg 768w, https:\/\/www.obispadorqta.org.ar\/v3\/wp-content\/uploads\/2024\/03\/Construyamos-juntos-la-fraternidad-Obispos-NEA-29-de-febrero-de-2024_page-0001-1024x1536.jpg 1024w, https:\/\/www.obispadorqta.org.ar\/v3\/wp-content\/uploads\/2024\/03\/Construyamos-juntos-la-fraternidad-Obispos-NEA-29-de-febrero-de-2024_page-0001-1365x2048.jpg 1365w\" sizes=\"auto, (max-width: 1707px) 100vw, 1707px\" \/><img loading=\"lazy\" decoding=\"async\" class=\"aligncenter size-full wp-image-9629\" src=\"https:\/\/www.obispadorqta.org.ar\/v3\/wp-content\/uploads\/2024\/03\/Construyamos-juntos-la-fraternidad-Obispos-NEA-29-de-febrero-de-2024_page-0002-1-scaled.jpg\" alt=\"\" width=\"1717\" height=\"2560\" srcset=\"https:\/\/www.obispadorqta.org.ar\/v3\/wp-content\/uploads\/2024\/03\/Construyamos-juntos-la-fraternidad-Obispos-NEA-29-de-febrero-de-2024_page-0002-1-scaled.jpg 1717w, https:\/\/www.obispadorqta.org.ar\/v3\/wp-content\/uploads\/2024\/03\/Construyamos-juntos-la-fraternidad-Obispos-NEA-29-de-febrero-de-2024_page-0002-1-201x300.jpg 201w, https:\/\/www.obispadorqta.org.ar\/v3\/wp-content\/uploads\/2024\/03\/Construyamos-juntos-la-fraternidad-Obispos-NEA-29-de-febrero-de-2024_page-0002-1-687x1024.jpg 687w, https:\/\/www.obispadorqta.org.ar\/v3\/wp-content\/uploads\/2024\/03\/Construyamos-juntos-la-fraternidad-Obispos-NEA-29-de-febrero-de-2024_page-0002-1-768x1145.jpg 768w, https:\/\/www.obispadorqta.org.ar\/v3\/wp-content\/uploads\/2024\/03\/Construyamos-juntos-la-fraternidad-Obispos-NEA-29-de-febrero-de-2024_page-0002-1-1030x1536.jpg 1030w, https:\/\/www.obispadorqta.org.ar\/v3\/wp-content\/uploads\/2024\/03\/Construyamos-juntos-la-fraternidad-Obispos-NEA-29-de-febrero-de-2024_page-0002-1-1374x2048.jpg 1374w\" sizes=\"auto, (max-width: 1717px) 100vw, 1717px\" \/><img loading=\"lazy\" decoding=\"async\" class=\"aligncenter size-full wp-image-9630\" src=\"https:\/\/www.obispadorqta.org.ar\/v3\/wp-content\/uploads\/2024\/03\/Construyamos-juntos-la-fraternidad-Obispos-NEA-29-de-febrero-de-2024_page-0003-1-scaled.jpg\" alt=\"\" width=\"1656\" height=\"2560\" srcset=\"https:\/\/www.obispadorqta.org.ar\/v3\/wp-content\/uploads\/2024\/03\/Construyamos-juntos-la-fraternidad-Obispos-NEA-29-de-febrero-de-2024_page-0003-1-scaled.jpg 1656w, https:\/\/www.obispadorqta.org.ar\/v3\/wp-content\/uploads\/2024\/03\/Construyamos-juntos-la-fraternidad-Obispos-NEA-29-de-febrero-de-2024_page-0003-1-194x300.jpg 194w, https:\/\/www.obispadorqta.org.ar\/v3\/wp-content\/uploads\/2024\/03\/Construyamos-juntos-la-fraternidad-Obispos-NEA-29-de-febrero-de-2024_page-0003-1-662x1024.jpg 662w, https:\/\/www.obispadorqta.org.ar\/v3\/wp-content\/uploads\/2024\/03\/Construyamos-juntos-la-fraternidad-Obispos-NEA-29-de-febrero-de-2024_page-0003-1-768x1187.jpg 768w, https:\/\/www.obispadorqta.org.ar\/v3\/wp-content\/uploads\/2024\/03\/Construyamos-juntos-la-fraternidad-Obispos-NEA-29-de-febrero-de-2024_page-0003-1-994x1536.jpg 994w, https:\/\/www.obispadorqta.org.ar\/v3\/wp-content\/uploads\/2024\/03\/Construyamos-juntos-la-fraternidad-Obispos-NEA-29-de-febrero-de-2024_page-0003-1-1325x2048.jpg 1325w\" sizes=\"auto, (max-width: 1656px) 100vw, 1656px\" \/><img loading=\"lazy\" decoding=\"async\" class=\"aligncenter size-full wp-image-9631\" src=\"https:\/\/www.obispadorqta.org.ar\/v3\/wp-content\/uploads\/2024\/03\/Construyamos-juntos-la-fraternidad-Obispos-NEA-29-de-febrero-de-2024_page-0004-1-scaled.jpg\" alt=\"\" width=\"1655\" height=\"2560\" srcset=\"https:\/\/www.obispadorqta.org.ar\/v3\/wp-content\/uploads\/2024\/03\/Construyamos-juntos-la-fraternidad-Obispos-NEA-29-de-febrero-de-2024_page-0004-1-scaled.jpg 1655w, https:\/\/www.obispadorqta.org.ar\/v3\/wp-content\/uploads\/2024\/03\/Construyamos-juntos-la-fraternidad-Obispos-NEA-29-de-febrero-de-2024_page-0004-1-194x300.jpg 194w, https:\/\/www.obispadorqta.org.ar\/v3\/wp-content\/uploads\/2024\/03\/Construyamos-juntos-la-fraternidad-Obispos-NEA-29-de-febrero-de-2024_page-0004-1-662x1024.jpg 662w, https:\/\/www.obispadorqta.org.ar\/v3\/wp-content\/uploads\/2024\/03\/Construyamos-juntos-la-fraternidad-Obispos-NEA-29-de-febrero-de-2024_page-0004-1-768x1188.jpg 768w, https:\/\/www.obispadorqta.org.ar\/v3\/wp-content\/uploads\/2024\/03\/Construyamos-juntos-la-fraternidad-Obispos-NEA-29-de-febrero-de-2024_page-0004-1-993x1536.jpg 993w, https:\/\/www.obispadorqta.org.ar\/v3\/wp-content\/uploads\/2024\/03\/Construyamos-juntos-la-fraternidad-Obispos-NEA-29-de-febrero-de-2024_page-0004-1-1324x2048.jpg 1324w\" sizes=\"auto, (max-width: 1655px) 100vw, 1655px\" \/><img loading=\"lazy\" decoding=\"async\" class=\"aligncenter size-full wp-image-9632\" src=\"https:\/\/www.obispadorqta.org.ar\/v3\/wp-content\/uploads\/2024\/03\/Construyamos-juntos-la-fraternidad-Obispos-NEA-29-de-febrero-de-2024_page-0005-1-scaled.jpg\" alt=\"\" width=\"1674\" height=\"2560\" srcset=\"https:\/\/www.obispadorqta.org.ar\/v3\/wp-content\/uploads\/2024\/03\/Construyamos-juntos-la-fraternidad-Obispos-NEA-29-de-febrero-de-2024_page-0005-1-scaled.jpg 1674w, https:\/\/www.obispadorqta.org.ar\/v3\/wp-content\/uploads\/2024\/03\/Construyamos-juntos-la-fraternidad-Obispos-NEA-29-de-febrero-de-2024_page-0005-1-196x300.jpg 196w, https:\/\/www.obispadorqta.org.ar\/v3\/wp-content\/uploads\/2024\/03\/Construyamos-juntos-la-fraternidad-Obispos-NEA-29-de-febrero-de-2024_page-0005-1-670x1024.jpg 670w, https:\/\/www.obispadorqta.org.ar\/v3\/wp-content\/uploads\/2024\/03\/Construyamos-juntos-la-fraternidad-Obispos-NEA-29-de-febrero-de-2024_page-0005-1-768x1175.jpg 768w, https:\/\/www.obispadorqta.org.ar\/v3\/wp-content\/uploads\/2024\/03\/Construyamos-juntos-la-fraternidad-Obispos-NEA-29-de-febrero-de-2024_page-0005-1-1004x1536.jpg 1004w, https:\/\/www.obispadorqta.org.ar\/v3\/wp-content\/uploads\/2024\/03\/Construyamos-juntos-la-fraternidad-Obispos-NEA-29-de-febrero-de-2024_page-0005-1-1339x2048.jpg 1339w\" sizes=\"auto, (max-width: 1674px) 100vw, 1674px\" \/><img loading=\"lazy\" decoding=\"async\" class=\"aligncenter size-full wp-image-9633\" src=\"https:\/\/www.obispadorqta.org.ar\/v3\/wp-content\/uploads\/2024\/03\/Construyamos-juntos-la-fraternidad-Obispos-NEA-29-de-febrero-de-2024_page-0006-1-scaled.jpg\" alt=\"\" width=\"1685\" height=\"2560\" srcset=\"https:\/\/www.obispadorqta.org.ar\/v3\/wp-content\/uploads\/2024\/03\/Construyamos-juntos-la-fraternidad-Obispos-NEA-29-de-febrero-de-2024_page-0006-1-scaled.jpg 1685w, https:\/\/www.obispadorqta.org.ar\/v3\/wp-content\/uploads\/2024\/03\/Construyamos-juntos-la-fraternidad-Obispos-NEA-29-de-febrero-de-2024_page-0006-1-198x300.jpg 198w, https:\/\/www.obispadorqta.org.ar\/v3\/wp-content\/uploads\/2024\/03\/Construyamos-juntos-la-fraternidad-Obispos-NEA-29-de-febrero-de-2024_page-0006-1-674x1024.jpg 674w, https:\/\/www.obispadorqta.org.ar\/v3\/wp-content\/uploads\/2024\/03\/Construyamos-juntos-la-fraternidad-Obispos-NEA-29-de-febrero-de-2024_page-0006-1-768x1167.jpg 768w, https:\/\/www.obispadorqta.org.ar\/v3\/wp-content\/uploads\/2024\/03\/Construyamos-juntos-la-fraternidad-Obispos-NEA-29-de-febrero-de-2024_page-0006-1-1011x1536.jpg 1011w, https:\/\/www.obispadorqta.org.ar\/v3\/wp-content\/uploads\/2024\/03\/Construyamos-juntos-la-fraternidad-Obispos-NEA-29-de-febrero-de-2024_page-0006-1-1348x2048.jpg 1348w\" sizes=\"auto, (max-width: 1685px) 100vw, 1685px\" \/><\/p>\n\n\n<p><\/p>\n","protected":false},"excerpt":{"rendered":"<div class=\"mh-excerpt\"><p>Compartimos el documento que han publicado los Obispos de la regi\u00f3n NEA al final de sus conversaciones llevadas a cabo en el encuentro que mantuvieron <a class=\"mh-excerpt-more\" href=\"https:\/\/www.obispadorqta.org.ar\/v3\/mensaje-obispos-nea\/\" title=\"Mensaje Obispos NEA\">[&#8230;]<\/a><\/p>\n<\/div>","protected":false},"author":2,"featured_media":9624,"comment_status":"closed","ping_status":"open","sticky":false,"template":"","format":"standard","meta":{"footnotes":""},"categories":[6,28],"tags":[],"class_list":["post-9614","post","type-post","status-publish","format-standard","has-post-thumbnail","hentry","category-news","category-latest-news"],"_links":{"self":[{"href":"https:\/\/www.obispadorqta.org.ar\/v3\/wp-json\/wp\/v2\/posts\/9614","targetHints":{"allow":["GET"]}}],"collection":[{"href":"https:\/\/www.obispadorqta.org.ar\/v3\/wp-json\/wp\/v2\/posts"}],"about":[{"href":"https:\/\/www.obispadorqta.org.ar\/v3\/wp-json\/wp\/v2\/types\/post"}],"author":[{"embeddable":true,"href":"https:\/\/www.obispadorqta.org.ar\/v3\/wp-json\/wp\/v2\/users\/2"}],"replies":[{"embeddable":true,"href":"https:\/\/www.obispadorqta.org.ar\/v3\/wp-json\/wp\/v2\/comments?post=9614"}],"version-history":[{"count":5,"href":"https:\/\/www.obispadorqta.org.ar\/v3\/wp-json\/wp\/v2\/posts\/9614\/revisions"}],"predecessor-version":[{"id":9708,"href":"https:\/\/www.obispadorqta.org.ar\/v3\/wp-json\/wp\/v2\/posts\/9614\/revisions\/9708"}],"wp:featuredmedia":[{"embeddable":true,"href":"https:\/\/www.obispadorqta.org.ar\/v3\/wp-json\/wp\/v2\/media\/9624"}],"wp:attachment":[{"href":"https:\/\/www.obispadorqta.org.ar\/v3\/wp-json\/wp\/v2\/media?parent=9614"}],"wp:term":[{"taxonomy":"category","embeddable":true,"href":"https:\/\/www.obispadorqta.org.ar\/v3\/wp-json\/wp\/v2\/categories?post=9614"},{"taxonomy":"post_tag","embeddable":true,"href":"https:\/\/www.obispadorqta.org.ar\/v3\/wp-json\/wp\/v2\/tags?post=9614"}],"curies":[{"name":"wp","href":"https:\/\/api.w.org\/{rel}","templated":true}]}}