{"id":963,"date":"2014-08-25T14:45:28","date_gmt":"2014-08-25T14:45:28","guid":{"rendered":"http:\/\/www.obispadorqta.org.ar\/v3\/pazvera\/"},"modified":"2014-08-25T14:45:28","modified_gmt":"2014-08-25T14:45:28","slug":"pazvera","status":"publish","type":"post","link":"https:\/\/www.obispadorqta.org.ar\/v3\/pazvera\/","title":{"rendered":"DIALOGO ABIERTO SOBRE LA PAZ SOCIAL"},"content":{"rendered":"<div style=\"text-align: center\">\u00a0<img loading=\"lazy\" decoding=\"async\" src=\"https:\/\/fbcdn-sphotos-d-a.akamaihd.net\/hphotos-ak-xpa1\/t1.0-9\/p417x417\/10636311_657144047715423_1066690331639798442_n.jpg\" border=\"0\" width=\"400\" height=\"265\" \/><\/div>\n<div>\u00a0<\/div>\n<div>Con una nutrida participaci\u00f3n de personas, provenientes de diferentes sectores, se llev\u00f3 a cabo el Primer Di\u00e1logo Abierto sobre la Paz Social en la ciudad de Vera, convocado por el Obispado de Reconquista, la Pastoral Social Diocesana y el Instituto San Juan Bautista.<\/div>\n<div>\u00a0<\/div>\n<div>Despu\u00e9s de una presentaci\u00f3n del tema y de una iluminaci\u00f3n breve, por parte del Obispo Diocesano, Mons. \u00c1ngel Jos\u00e9 Mac\u00edn, se convers\u00f3 en grupos sobre las causas que generan violencia y las cosas que nos unen, como puntos de apoyo para superar la situaci\u00f3n que se vive actualmente.<\/div>\n<div>La puesta en com\u00fan dej\u00f3 interesantes reflexiones y, sobre todo, la decisi\u00f3n de continuar buscando caminos para construir una cultura de la paz.<\/div>\n<div>\u00a0<\/div>\n<div style=\"text-align: center\"><img loading=\"lazy\" decoding=\"async\" src=\"https:\/\/fbcdn-sphotos-c-a.akamaihd.net\/hphotos-ak-xfa1\/t1.0-9\/10609664_657122304384264_3266225105590085507_n.jpg\" border=\"0\" width=\"400\" height=\"265\" \/><\/div>\n<div style=\"text-align: center\">\u00a0<\/div>\n<div style=\"text-align: center\"><img loading=\"lazy\" decoding=\"async\" src=\"https:\/\/scontent-a-mia.xx.fbcdn.net\/hphotos-xpa1\/t1.0-9\/10492538_657122291050932_714777709612995952_n.jpg\" border=\"0\" width=\"400\" height=\"265\" \/><\/div>\n<div style=\"text-align: center\">\u00a0<\/div>\n<div style=\"text-align: center\"><img loading=\"lazy\" decoding=\"async\" src=\"https:\/\/fbcdn-sphotos-b-a.akamaihd.net\/hphotos-ak-xpa1\/t1.0-9\/1551469_657122397717588_7517274054436599460_n.jpg\" border=\"0\" width=\"400\" height=\"265\" \/>\u00a0<\/div>\n<div style=\"text-align: center\">\u00a0<\/div>\n<div style=\"text-align: center\"><img loading=\"lazy\" decoding=\"async\" src=\"https:\/\/fbcdn-sphotos-h-a.akamaihd.net\/hphotos-ak-xpf1\/v\/t1.0-9\/10609682_657122444384250_896256715205962282_n.jpg?oh=289a438d6052d4afb04a865cf6ff1e40&#038;oe=545B648B&#038;__gda__=1417460554_3a1c69fda59b4f72ad19c9b7982dc07e\" border=\"0\" width=\"265\" height=\"400\" \/>\u00a0<\/div>\n<div style=\"text-align: center\">\u00a0<\/div>\n<div style=\"text-align: center\"><img loading=\"lazy\" decoding=\"async\" src=\"https:\/\/scontent-b-mia.xx.fbcdn.net\/hphotos-xfp1\/v\/t1.0-9\/10487223_657122451050916_6263297475303018854_n.jpg?oh=60b8fb70a093585c74328c9aacf004ee&#038;oe=545D892D\" border=\"0\" width=\"400\" height=\"265\" \/>\u00a0<\/div>\n<div style=\"text-align: center\"><span style=\"line-height: 1.3em\">\u00a0<\/span><\/div>\n","protected":false},"excerpt":{"rendered":"<div class=\"mh-excerpt\"><div style=\"text-align: center\">\u00a0<img loading=\"lazy\" decoding=\"async\" src=\"https:\/\/fbcdn-sphotos-d-a.akamaihd.net\/hphotos-ak-xpa1\/t1.0-9\/p417x417\/10636311_657144047715423_1066690331639798442_n.jpg\" border=\"0\" width=\"400\" height=\"265\" \/><\/div>\n<div>\u00a0<\/div>\n<div>Con una nutrida participaci\u00f3n de personas, provenientes de diferentes sectores, se llev\u00f3 a cabo el Primer Di\u00e1logo Abierto sobre la Paz Social en la ciudad de Vera, convocado por el Obispado de Reconquista, la Pastoral Social Diocesana y el Instituto San Juan Bautista.<\/div>\n<\/div>","protected":false},"author":1,"featured_media":0,"comment_status":"open","ping_status":"open","sticky":false,"template":"","format":"standard","meta":{"footnotes":""},"categories":[28],"tags":[],"class_list":["post-963","post","type-post","status-publish","format-standard","hentry","category-latest-news"],"_links":{"self":[{"href":"https:\/\/www.obispadorqta.org.ar\/v3\/wp-json\/wp\/v2\/posts\/963","targetHints":{"allow":["GET"]}}],"collection":[{"href":"https:\/\/www.obispadorqta.org.ar\/v3\/wp-json\/wp\/v2\/posts"}],"about":[{"href":"https:\/\/www.obispadorqta.org.ar\/v3\/wp-json\/wp\/v2\/types\/post"}],"author":[{"embeddable":true,"href":"https:\/\/www.obispadorqta.org.ar\/v3\/wp-json\/wp\/v2\/users\/1"}],"replies":[{"embeddable":true,"href":"https:\/\/www.obispadorqta.org.ar\/v3\/wp-json\/wp\/v2\/comments?post=963"}],"version-history":[{"count":0,"href":"https:\/\/www.obispadorqta.org.ar\/v3\/wp-json\/wp\/v2\/posts\/963\/revisions"}],"wp:attachment":[{"href":"https:\/\/www.obispadorqta.org.ar\/v3\/wp-json\/wp\/v2\/media?parent=963"}],"wp:term":[{"taxonomy":"category","embeddable":true,"href":"https:\/\/www.obispadorqta.org.ar\/v3\/wp-json\/wp\/v2\/categories?post=963"},{"taxonomy":"post_tag","embeddable":true,"href":"https:\/\/www.obispadorqta.org.ar\/v3\/wp-json\/wp\/v2\/tags?post=963"}],"curies":[{"name":"wp","href":"https:\/\/api.w.org\/{rel}","templated":true}]}}