{"id":9638,"date":"2024-03-07T10:34:15","date_gmt":"2024-03-07T13:34:15","guid":{"rendered":"http:\/\/www.obispadorqta.org.ar\/v3\/?p=9638"},"modified":"2024-03-07T12:13:52","modified_gmt":"2024-03-07T15:13:52","slug":"avivamiento-renovacion-carismatica-caolica","status":"publish","type":"post","link":"https:\/\/www.obispadorqta.org.ar\/v3\/avivamiento-renovacion-carismatica-caolica\/","title":{"rendered":"Avivamiento Renovaci\u00f3n Car\u00edsmatica Cat\u00f3lica"},"content":{"rendered":"<p style=\"text-align: justify;\"><span style=\"color: #000000;\">La Renovaci\u00f3n Carism\u00e1tica Cat\u00f3lica invita a los que deseen renovar su fe y tener un encuentro m\u00e1s cercano y verdadero con Dios a trav\u00e9s de la experiencia de la oraci\u00f3n y meditaci\u00f3n de la palabra, movido por la fortaleza del Esp\u00edritu Santo<\/span>.<img loading=\"lazy\" decoding=\"async\" class=\"aligncenter  wp-image-9639\" src=\"https:\/\/www.obispadorqta.org.ar\/v3\/wp-content\/uploads\/2024\/03\/IMG-20240306-WA0017.jpg\" alt=\"\" width=\"324\" height=\"577\" srcset=\"https:\/\/www.obispadorqta.org.ar\/v3\/wp-content\/uploads\/2024\/03\/IMG-20240306-WA0017.jpg 899w, https:\/\/www.obispadorqta.org.ar\/v3\/wp-content\/uploads\/2024\/03\/IMG-20240306-WA0017-169x300.jpg 169w, https:\/\/www.obispadorqta.org.ar\/v3\/wp-content\/uploads\/2024\/03\/IMG-20240306-WA0017-576x1024.jpg 576w, https:\/\/www.obispadorqta.org.ar\/v3\/wp-content\/uploads\/2024\/03\/IMG-20240306-WA0017-768x1366.jpg 768w, https:\/\/www.obispadorqta.org.ar\/v3\/wp-content\/uploads\/2024\/03\/IMG-20240306-WA0017-864x1536.jpg 864w\" sizes=\"auto, (max-width: 324px) 100vw, 324px\" \/><\/p>\n<p style=\"text-align: justify;\"><span style=\"color: #000000;\">La cita es el domingo 10 de marzo de 8.30 a 18 hs., en la Vecinal del B. Parque Industrial, Calle 40 \u2013 Misiones N| 1126 de la ciudad de Reconquista.<\/span><\/p>\n","protected":false},"excerpt":{"rendered":"<div class=\"mh-excerpt\"><p>La Renovaci\u00f3n Carism\u00e1tica Cat\u00f3lica invita a los que deseen renovar su fe y tener un encuentro m\u00e1s cercano y verdadero con Dios a trav\u00e9s de <a class=\"mh-excerpt-more\" href=\"https:\/\/www.obispadorqta.org.ar\/v3\/avivamiento-renovacion-carismatica-caolica\/\" title=\"Avivamiento Renovaci\u00f3n Car\u00edsmatica Cat\u00f3lica\">[&#8230;]<\/a><\/p>\n<\/div>","protected":false},"author":3,"featured_media":7528,"comment_status":"closed","ping_status":"open","sticky":false,"template":"","format":"standard","meta":{"footnotes":""},"categories":[6,28],"tags":[],"class_list":["post-9638","post","type-post","status-publish","format-standard","has-post-thumbnail","hentry","category-news","category-latest-news"],"_links":{"self":[{"href":"https:\/\/www.obispadorqta.org.ar\/v3\/wp-json\/wp\/v2\/posts\/9638","targetHints":{"allow":["GET"]}}],"collection":[{"href":"https:\/\/www.obispadorqta.org.ar\/v3\/wp-json\/wp\/v2\/posts"}],"about":[{"href":"https:\/\/www.obispadorqta.org.ar\/v3\/wp-json\/wp\/v2\/types\/post"}],"author":[{"embeddable":true,"href":"https:\/\/www.obispadorqta.org.ar\/v3\/wp-json\/wp\/v2\/users\/3"}],"replies":[{"embeddable":true,"href":"https:\/\/www.obispadorqta.org.ar\/v3\/wp-json\/wp\/v2\/comments?post=9638"}],"version-history":[{"count":6,"href":"https:\/\/www.obispadorqta.org.ar\/v3\/wp-json\/wp\/v2\/posts\/9638\/revisions"}],"predecessor-version":[{"id":9662,"href":"https:\/\/www.obispadorqta.org.ar\/v3\/wp-json\/wp\/v2\/posts\/9638\/revisions\/9662"}],"wp:featuredmedia":[{"embeddable":true,"href":"https:\/\/www.obispadorqta.org.ar\/v3\/wp-json\/wp\/v2\/media\/7528"}],"wp:attachment":[{"href":"https:\/\/www.obispadorqta.org.ar\/v3\/wp-json\/wp\/v2\/media?parent=9638"}],"wp:term":[{"taxonomy":"category","embeddable":true,"href":"https:\/\/www.obispadorqta.org.ar\/v3\/wp-json\/wp\/v2\/categories?post=9638"},{"taxonomy":"post_tag","embeddable":true,"href":"https:\/\/www.obispadorqta.org.ar\/v3\/wp-json\/wp\/v2\/tags?post=9638"}],"curies":[{"name":"wp","href":"https:\/\/api.w.org\/{rel}","templated":true}]}}