{"id":966,"date":"2014-09-02T11:57:40","date_gmt":"2014-09-02T11:57:40","guid":{"rendered":"http:\/\/www.obispadorqta.org.ar\/v3\/mons-macin-viaja-a-europa-con-una-completa-agenda-de-actividades\/"},"modified":"2014-09-02T11:57:40","modified_gmt":"2014-09-02T11:57:40","slug":"mons-macin-viaja-a-europa-con-una-completa-agenda-de-actividades","status":"publish","type":"post","link":"https:\/\/www.obispadorqta.org.ar\/v3\/mons-macin-viaja-a-europa-con-una-completa-agenda-de-actividades\/","title":{"rendered":"Mons. Mac\u00edn viaja a Europa con una completa agenda de actividades"},"content":{"rendered":"<p><!--[if gte mso 9]><xml>  <o:OfficeDocumentSettings>   <o:AllowPNG\/>  <\/o:OfficeDocumentSettings> <\/xml><![endif]--><\/p>\n<p style=\"margin-bottom: 0.0001pt; line-height: normal\" class=\"MsoNormal\" align=\"justify\"><font color=\"#000000\"><\/font><\/p>\n<div style=\"text-align: center\"><font color=\"#000000\"><img loading=\"lazy\" decoding=\"async\" src=\"https:\/\/scontent-a-mia.xx.fbcdn.net\/hphotos-xpf1\/v\/t1.0-9\/10397818_661578317271996_7595736797294298871_n.jpg?oh=98be01417b9fd4b87421b94414c4372a&#038;oe=54813948\" border=\"0\" width=\"339\" height=\"254\" \/><\/font><\/div>\n<p>&nbsp;<\/p>\n<p style=\"margin-bottom: 0.0001pt; line-height: normal\" class=\"MsoNormal\" align=\"justify\"><font color=\"#000000\"><span style=\"font-family: Geneva,Arial,Helvetica,sans-serif; font-size: 10pt; font-style: normal; line-height: normal; background-attachment: scroll; background-color: white; background-position: 0% 0%; background-repeat: repeat\">Monse\u00f1or \u00c1ngel Jos\u00e9 Mac\u00edn, parti\u00f3 este martes 02 de septiembre rumbo a Europa para participar del curso para nuevos prelados que cada a\u00f1o dicta la Pontificia Congregaci\u00f3n para los Obispos en el Vaticano. Tambi\u00e9n mantendr\u00e1 una audiencia privada con el Papa Francisco.-<\/span><\/font><\/p>\n<div align=\"justify\"><font color=\"#000000\">  <\/font><\/div>\n<p style=\"margin-bottom: 0.0001pt; line-height: normal\" class=\"MsoNormal\" align=\"justify\"><font color=\"#000000\"><span style=\"font-family: Geneva,Arial,Helvetica,sans-serif; font-size: 10pt; font-style: normal; line-height: normal; background-attachment: scroll; background-color: white; background-position: 0% 0%; background-repeat: repeat\">Adem\u00e1s desarrollara otras actividades en Espa\u00f1a, Italia y Alemania. <\/span><\/font><\/p>\n<div align=\"justify\"><font color=\"#000000\">  <\/font><\/div>\n<p style=\"margin-bottom: 0.0001pt; line-height: normal\" class=\"MsoNormal\" align=\"justify\"><font color=\"#000000\"><span style=\"font-family: Geneva,Arial,Helvetica,sans-serif; font-size: 10pt; font-style: normal; line-height: normal; background-attachment: scroll; background-color: white; background-position: 0% 0%; background-repeat: repeat\">Compartimos la entrevista que le realiz\u00f3 Radio Amanecer donde detall\u00f3 la agenda de su viaje, que lo mantendr\u00e1 fuera del pa\u00eds durante todo septiembre.<\/span><\/font><span style=\"line-height: 1.3em\">\u00a0<\/span><\/p>\n<p style=\"margin-bottom: 0.0001pt; line-height: normal\" class=\"MsoNormal\" align=\"justify\"><a href=\"http:\/\/radioamanecer.com.ar\/41382\/obispo-de-diocesis-de-reconquista-viaja-a-europa-para-cumplir-distintos-objetivos\/\" target=\"_blank\">\u00a0HACE CLICK AQU\u00cd<\/a><\/p>\n<p style=\"margin-bottom: 0.0001pt; line-height: normal\" class=\"MsoNormal\" align=\"justify\">&nbsp;<\/p>\n<p style=\"margin-bottom: 0.0001pt; line-height: normal\" class=\"MsoNormal\" align=\"justify\">&nbsp;<\/p>\n<p style=\"margin-bottom: 0.0001pt; line-height: normal\" class=\"MsoNormal\" align=\"justify\">&nbsp;<\/p>\n<p style=\"margin-bottom: 0.0001pt; line-height: normal\" class=\"MsoNormal\" align=\"justify\">&nbsp;<\/p>\n","protected":false},"excerpt":{"rendered":"<div class=\"mh-excerpt\"><p><!--[if gte mso 9]><xml>  <o:OfficeDocumentSettings>   <o:AllowPNG\/>  <\/o:OfficeDocumentSettings> <\/xml><![endif]--><\/p>\n<p style=\"margin-bottom: 0.0001pt; line-height: normal\" class=\"MsoNormal\" align=\"justify\"><font color=\"#000000\"><\/font><\/p>\n<div style=\"text-align: center\"><font color=\"#000000\"><img loading=\"lazy\" decoding=\"async\" src=\"https:\/\/scontent-a-mia.xx.fbcdn.net\/hphotos-xpf1\/v\/t1.0-9\/10397818_661578317271996_7595736797294298871_n.jpg?oh=98be01417b9fd4b87421b94414c4372a&#038;oe=54813948\" border=\"0\" width=\"339\" height=\"254\" \/><\/font><\/div>\n<p>&nbsp;<\/p>\n<p style=\"margin-bottom: 0.0001pt; line-height: normal\" class=\"MsoNormal\" align=\"justify\"><font color=\"#000000\"><span style=\"font-family: Geneva,Arial,Helvetica,sans-serif; font-size: 10pt; font-style: normal; line-height: normal; background-attachment: scroll; background-color: white; background-position: 0% 0%; background-repeat: repeat\">Monse\u00f1or \u00c1ngel Jos\u00e9 Mac\u00edn, parti\u00f3 este martes 02 de septiembre rumbo a Europa para participar del curso para nuevos prelados que cada a\u00f1o dicta la Pontificia Congregaci\u00f3n para los Obispos en el Vaticano. Tambi\u00e9n mantendr\u00e1 una audiencia privada con el Papa Francisco.-<\/span><\/font><\/p>\n<\/div>","protected":false},"author":1,"featured_media":0,"comment_status":"open","ping_status":"open","sticky":false,"template":"","format":"standard","meta":{"footnotes":""},"categories":[28],"tags":[],"class_list":["post-966","post","type-post","status-publish","format-standard","hentry","category-latest-news"],"_links":{"self":[{"href":"https:\/\/www.obispadorqta.org.ar\/v3\/wp-json\/wp\/v2\/posts\/966","targetHints":{"allow":["GET"]}}],"collection":[{"href":"https:\/\/www.obispadorqta.org.ar\/v3\/wp-json\/wp\/v2\/posts"}],"about":[{"href":"https:\/\/www.obispadorqta.org.ar\/v3\/wp-json\/wp\/v2\/types\/post"}],"author":[{"embeddable":true,"href":"https:\/\/www.obispadorqta.org.ar\/v3\/wp-json\/wp\/v2\/users\/1"}],"replies":[{"embeddable":true,"href":"https:\/\/www.obispadorqta.org.ar\/v3\/wp-json\/wp\/v2\/comments?post=966"}],"version-history":[{"count":0,"href":"https:\/\/www.obispadorqta.org.ar\/v3\/wp-json\/wp\/v2\/posts\/966\/revisions"}],"wp:attachment":[{"href":"https:\/\/www.obispadorqta.org.ar\/v3\/wp-json\/wp\/v2\/media?parent=966"}],"wp:term":[{"taxonomy":"category","embeddable":true,"href":"https:\/\/www.obispadorqta.org.ar\/v3\/wp-json\/wp\/v2\/categories?post=966"},{"taxonomy":"post_tag","embeddable":true,"href":"https:\/\/www.obispadorqta.org.ar\/v3\/wp-json\/wp\/v2\/tags?post=966"}],"curies":[{"name":"wp","href":"https:\/\/api.w.org\/{rel}","templated":true}]}}