{"id":9666,"date":"2024-03-12T08:29:44","date_gmt":"2024-03-12T11:29:44","guid":{"rendered":"http:\/\/www.obispadorqta.org.ar\/v3\/?p=9666"},"modified":"2024-03-14T10:44:15","modified_gmt":"2024-03-14T13:44:15","slug":"primera-reunion-del-presbiterio","status":"publish","type":"post","link":"https:\/\/www.obispadorqta.org.ar\/v3\/primera-reunion-del-presbiterio\/","title":{"rendered":"Primera Reuni\u00f3n del Presbiterio"},"content":{"rendered":"<p style=\"text-align: justify;\">Dese el Obispado de Reconquista, informamos que hoy, martes 12 de marzo, en Casa Itat\u00ed de Avellaneda, de 9 a 22 hs. se estar\u00e1 llevando a cabo la primera reuni\u00f3n del presbiterio de la Di\u00f3cesis.<\/p>\n<div style=\"text-align: justify;\">En este encuentro se trataran varios temas que hacen al camino del presbiterio y a la actividad pastoral diocesana.<\/div>\n<div style=\"text-align: justify;\"><\/div>\n<div style=\"text-align: justify;\">Encomendamos nuestras oraciones por los sacerdotes y por nuestra Iglesia Particular de Reconquista.<\/div>\n","protected":false},"excerpt":{"rendered":"<div class=\"mh-excerpt\"><p>Dese el Obispado de Reconquista, informamos que hoy, martes 12 de marzo, en Casa Itat\u00ed de Avellaneda, de 9 a 22 hs. se estar\u00e1 llevando <a class=\"mh-excerpt-more\" href=\"https:\/\/www.obispadorqta.org.ar\/v3\/primera-reunion-del-presbiterio\/\" title=\"Primera Reuni\u00f3n del Presbiterio\">[&#8230;]<\/a><\/p>\n<\/div>","protected":false},"author":2,"featured_media":9683,"comment_status":"closed","ping_status":"open","sticky":false,"template":"","format":"standard","meta":{"footnotes":""},"categories":[6,28],"tags":[],"class_list":["post-9666","post","type-post","status-publish","format-standard","has-post-thumbnail","hentry","category-news","category-latest-news"],"_links":{"self":[{"href":"https:\/\/www.obispadorqta.org.ar\/v3\/wp-json\/wp\/v2\/posts\/9666","targetHints":{"allow":["GET"]}}],"collection":[{"href":"https:\/\/www.obispadorqta.org.ar\/v3\/wp-json\/wp\/v2\/posts"}],"about":[{"href":"https:\/\/www.obispadorqta.org.ar\/v3\/wp-json\/wp\/v2\/types\/post"}],"author":[{"embeddable":true,"href":"https:\/\/www.obispadorqta.org.ar\/v3\/wp-json\/wp\/v2\/users\/2"}],"replies":[{"embeddable":true,"href":"https:\/\/www.obispadorqta.org.ar\/v3\/wp-json\/wp\/v2\/comments?post=9666"}],"version-history":[{"count":2,"href":"https:\/\/www.obispadorqta.org.ar\/v3\/wp-json\/wp\/v2\/posts\/9666\/revisions"}],"predecessor-version":[{"id":9669,"href":"https:\/\/www.obispadorqta.org.ar\/v3\/wp-json\/wp\/v2\/posts\/9666\/revisions\/9669"}],"wp:featuredmedia":[{"embeddable":true,"href":"https:\/\/www.obispadorqta.org.ar\/v3\/wp-json\/wp\/v2\/media\/9683"}],"wp:attachment":[{"href":"https:\/\/www.obispadorqta.org.ar\/v3\/wp-json\/wp\/v2\/media?parent=9666"}],"wp:term":[{"taxonomy":"category","embeddable":true,"href":"https:\/\/www.obispadorqta.org.ar\/v3\/wp-json\/wp\/v2\/categories?post=9666"},{"taxonomy":"post_tag","embeddable":true,"href":"https:\/\/www.obispadorqta.org.ar\/v3\/wp-json\/wp\/v2\/tags?post=9666"}],"curies":[{"name":"wp","href":"https:\/\/api.w.org\/{rel}","templated":true}]}}