{"id":9670,"date":"2024-03-12T10:29:44","date_gmt":"2024-03-12T13:29:44","guid":{"rendered":"http:\/\/www.obispadorqta.org.ar\/v3\/?p=9670"},"modified":"2024-03-12T10:36:10","modified_gmt":"2024-03-12T13:36:10","slug":"seminario-diocesano-de-catequesis-3","status":"publish","type":"post","link":"https:\/\/www.obispadorqta.org.ar\/v3\/seminario-diocesano-de-catequesis-3\/","title":{"rendered":"SEMINARIO DIOCESANO DE CATEQUESIS"},"content":{"rendered":"<p style=\"text-align: justify;\"><span style=\"color: #000000;\">Con el lema <em>\u00abEmanuel: Dios en y con nosotros\u00bb<\/em> el pr\u00f3ximo s\u00e1bado 16 de marzo se llevar\u00e1 a cabo el Encuentro Diocesano de Catequesis.<\/span><\/p>\n<p style=\"text-align: justify;\"><span style=\"color: #000000;\">La jornada se realizar\u00e1 en el Colegio Zubir\u00eda de Avellaneda de 8.30 a 17.00, incluyendo la celebraci\u00f3n de la Santa Misa.<img loading=\"lazy\" decoding=\"async\" class=\"aligncenter size-full wp-image-9678\" src=\"https:\/\/www.obispadorqta.org.ar\/v3\/wp-content\/uploads\/2024\/03\/imagen-2.jpg\" alt=\"\" width=\"709\" height=\"941\" srcset=\"https:\/\/www.obispadorqta.org.ar\/v3\/wp-content\/uploads\/2024\/03\/imagen-2.jpg 709w, https:\/\/www.obispadorqta.org.ar\/v3\/wp-content\/uploads\/2024\/03\/imagen-2-226x300.jpg 226w\" sizes=\"auto, (max-width: 709px) 100vw, 709px\" \/><\/span><\/p>\n<p style=\"text-align: justify;\"><span style=\"color: #000000;\">Estar\u00e1 animada por la Hermana Elba con su carisma pedag\u00f3gico y acompa\u00f1amiento espiritual. Se realizar\u00e1 de 8:15 a 17:00, en el Colegio San Jos\u00e9 de Reconquista, cito en calle Iturraspe 842.<\/span><\/p>\n<p style=\"text-align: justify;\"><span style=\"color: #000000;\">Es para todos los catequistas de todas las \u00e1reas de catequesis. El almuerzo es a la canasta, pero con la posibilidad de adquirir empanadas y bebidas en el lugar.<\/span><\/p>\n","protected":false},"excerpt":{"rendered":"<div class=\"mh-excerpt\"><p>Con el lema \u00abEmanuel: Dios en y con nosotros\u00bb el pr\u00f3ximo s\u00e1bado 16 de marzo se llevar\u00e1 a cabo el Encuentro Diocesano de Catequesis. La <a class=\"mh-excerpt-more\" href=\"https:\/\/www.obispadorqta.org.ar\/v3\/seminario-diocesano-de-catequesis-3\/\" title=\"SEMINARIO DIOCESANO DE CATEQUESIS\">[&#8230;]<\/a><\/p>\n<\/div>","protected":false},"author":3,"featured_media":9680,"comment_status":"open","ping_status":"open","sticky":false,"template":"","format":"standard","meta":{"footnotes":""},"categories":[1],"tags":[],"class_list":["post-9670","post","type-post","status-publish","format-standard","has-post-thumbnail","hentry","category-sin-categoria"],"_links":{"self":[{"href":"https:\/\/www.obispadorqta.org.ar\/v3\/wp-json\/wp\/v2\/posts\/9670","targetHints":{"allow":["GET"]}}],"collection":[{"href":"https:\/\/www.obispadorqta.org.ar\/v3\/wp-json\/wp\/v2\/posts"}],"about":[{"href":"https:\/\/www.obispadorqta.org.ar\/v3\/wp-json\/wp\/v2\/types\/post"}],"author":[{"embeddable":true,"href":"https:\/\/www.obispadorqta.org.ar\/v3\/wp-json\/wp\/v2\/users\/3"}],"replies":[{"embeddable":true,"href":"https:\/\/www.obispadorqta.org.ar\/v3\/wp-json\/wp\/v2\/comments?post=9670"}],"version-history":[{"count":4,"href":"https:\/\/www.obispadorqta.org.ar\/v3\/wp-json\/wp\/v2\/posts\/9670\/revisions"}],"predecessor-version":[{"id":9682,"href":"https:\/\/www.obispadorqta.org.ar\/v3\/wp-json\/wp\/v2\/posts\/9670\/revisions\/9682"}],"wp:featuredmedia":[{"embeddable":true,"href":"https:\/\/www.obispadorqta.org.ar\/v3\/wp-json\/wp\/v2\/media\/9680"}],"wp:attachment":[{"href":"https:\/\/www.obispadorqta.org.ar\/v3\/wp-json\/wp\/v2\/media?parent=9670"}],"wp:term":[{"taxonomy":"category","embeddable":true,"href":"https:\/\/www.obispadorqta.org.ar\/v3\/wp-json\/wp\/v2\/categories?post=9670"},{"taxonomy":"post_tag","embeddable":true,"href":"https:\/\/www.obispadorqta.org.ar\/v3\/wp-json\/wp\/v2\/tags?post=9670"}],"curies":[{"name":"wp","href":"https:\/\/api.w.org\/{rel}","templated":true}]}}