{"id":9685,"date":"2024-03-18T08:03:50","date_gmt":"2024-03-18T11:03:50","guid":{"rendered":"http:\/\/www.obispadorqta.org.ar\/v3\/?p=9685"},"modified":"2024-03-18T08:03:50","modified_gmt":"2024-03-18T11:03:50","slug":"visita-pastoral-escuela-san-jose-fortin-olmos","status":"publish","type":"post","link":"https:\/\/www.obispadorqta.org.ar\/v3\/visita-pastoral-escuela-san-jose-fortin-olmos\/","title":{"rendered":"VISITA PASTORAL ESCUELA \u00abSAN JOS\u00c9\u00bb, FORT\u00cdN OLMOS"},"content":{"rendered":"<p style=\"text-align: justify;\"><span style=\"color: #000000;\">En el d\u00eda de la fecha, el Obispo Diocesano, Mons. Macin y el Vic. Episcopal para Educaci\u00f3n, Mons. Germ\u00e1n Vallejos, estar\u00e1n visitando la Escuela San Jos\u00e9 de Fort\u00edn Olmos, con ocasi\u00f3n de la festividad de su santo patrono. <\/span><\/p>\n<p style=\"text-align: justify;\"><span style=\"color: #000000;\">Mantendr\u00e1n encuentros con los alumnos, personal directivo, docente y asistentes escolares. Tambi\u00e9n compartir\u00e1n un momento con padres y familiares de los alumnos, para concluir con la celebraci\u00f3n de la Misa en honor a San Jos\u00e9.<\/span><\/p>\n","protected":false},"excerpt":{"rendered":"<div class=\"mh-excerpt\"><p>En el d\u00eda de la fecha, el Obispo Diocesano, Mons. Macin y el Vic. Episcopal para Educaci\u00f3n, Mons. Germ\u00e1n Vallejos, estar\u00e1n visitando la Escuela San <a class=\"mh-excerpt-more\" href=\"https:\/\/www.obispadorqta.org.ar\/v3\/visita-pastoral-escuela-san-jose-fortin-olmos\/\" title=\"VISITA PASTORAL ESCUELA \u00abSAN JOS\u00c9\u00bb, FORT\u00cdN OLMOS\">[&#8230;]<\/a><\/p>\n<\/div>","protected":false},"author":3,"featured_media":9686,"comment_status":"open","ping_status":"open","sticky":false,"template":"","format":"standard","meta":{"footnotes":""},"categories":[1],"tags":[],"class_list":["post-9685","post","type-post","status-publish","format-standard","has-post-thumbnail","hentry","category-sin-categoria"],"_links":{"self":[{"href":"https:\/\/www.obispadorqta.org.ar\/v3\/wp-json\/wp\/v2\/posts\/9685","targetHints":{"allow":["GET"]}}],"collection":[{"href":"https:\/\/www.obispadorqta.org.ar\/v3\/wp-json\/wp\/v2\/posts"}],"about":[{"href":"https:\/\/www.obispadorqta.org.ar\/v3\/wp-json\/wp\/v2\/types\/post"}],"author":[{"embeddable":true,"href":"https:\/\/www.obispadorqta.org.ar\/v3\/wp-json\/wp\/v2\/users\/3"}],"replies":[{"embeddable":true,"href":"https:\/\/www.obispadorqta.org.ar\/v3\/wp-json\/wp\/v2\/comments?post=9685"}],"version-history":[{"count":2,"href":"https:\/\/www.obispadorqta.org.ar\/v3\/wp-json\/wp\/v2\/posts\/9685\/revisions"}],"predecessor-version":[{"id":9688,"href":"https:\/\/www.obispadorqta.org.ar\/v3\/wp-json\/wp\/v2\/posts\/9685\/revisions\/9688"}],"wp:featuredmedia":[{"embeddable":true,"href":"https:\/\/www.obispadorqta.org.ar\/v3\/wp-json\/wp\/v2\/media\/9686"}],"wp:attachment":[{"href":"https:\/\/www.obispadorqta.org.ar\/v3\/wp-json\/wp\/v2\/media?parent=9685"}],"wp:term":[{"taxonomy":"category","embeddable":true,"href":"https:\/\/www.obispadorqta.org.ar\/v3\/wp-json\/wp\/v2\/categories?post=9685"},{"taxonomy":"post_tag","embeddable":true,"href":"https:\/\/www.obispadorqta.org.ar\/v3\/wp-json\/wp\/v2\/tags?post=9685"}],"curies":[{"name":"wp","href":"https:\/\/api.w.org\/{rel}","templated":true}]}}