{"id":9690,"date":"2024-03-19T11:59:00","date_gmt":"2024-03-19T14:59:00","guid":{"rendered":"http:\/\/www.obispadorqta.org.ar\/v3\/?p=9690"},"modified":"2024-03-19T10:07:50","modified_gmt":"2024-03-19T13:07:50","slug":"para-una-pascua-solidaria","status":"publish","type":"post","link":"https:\/\/www.obispadorqta.org.ar\/v3\/para-una-pascua-solidaria\/","title":{"rendered":"PARA UNA PASCUA SOLIDARIA"},"content":{"rendered":"<p style=\"text-align: justify;\">Se acercan los d\u00edas centrales de nuestro a\u00f1o lit\u00fargico, en los cuales celebramos la pasi\u00f3n, muerte y resurrecci\u00f3n del Se\u00f1or. Muchas familias est\u00e1n pasando situaciones dif\u00edciles, por la prolongada escalada de la inflaci\u00f3n y los ajustes recientes. Nuestra fe no puede estar desconectada de la realidad de quienes est\u00e1n sufriendo, si queremos seguir el camino de Jes\u00fas hacia la vida plena.<\/p>\n<p style=\"text-align: justify;\">Con estos sentimientos, desde el Obispado de Reconquista y C\u00e1ritas Diocesana invitamos a que la Semana Santa sea una \u201cSemana de Solidaridad\u201d con aquellos que no pueden cubrir las necesidades b\u00e1sicas de alimento.<\/p>\n<p style=\"text-align: justify;\">La propuesta es sencilla:<\/p>\n<ul style=\"text-align: justify;\">\n<li>Quienes se sientan motivados, pueden privarse de alguna cosa y acercarla a alg\u00fan familiar, a alg\u00fan vecino o conocido, que no est\u00e9n pasando bien este tiempo. Que el gesto sea directo, y brote espont\u00e1neamente de la caridad.<\/li>\n<li>Aquellos que no conozcan situaciones de este tipo o desean hacerlo de un modo reservado o an\u00f3nimo, podr\u00e1n acercar durante los d\u00edas de Semana Santa, especialmente al V\u00eda Crucis del Viernes Santo, alimentos esenciales a los lugares de culto (arroz, fideos, harina, az\u00facar, leche, aceite), que luego ser\u00e1n administrados para su distribuci\u00f3n por C\u00e1ritas Parroquial.<\/li>\n<li>Si alguna parroquia recibe excedentes en los aportes, rogamos se comuniquen con C\u00e1ritas Diocesana para que redistribuya los mismos a lugares m\u00e1s alejados y en situaciones de emergencia alimentaria.<\/li>\n<\/ul>\n<p style=\"text-align: justify;\">Tal vez, de esta pr\u00e1ctica subsistan v\u00ednculos y canales por los cuales se pueda continuar con la pr\u00e1ctica de la solidaridad de una manera directa y horizontal, con la esperanza que mejoren las condiciones socio-econ\u00f3micas de tantas familias.<\/p>\n<p style=\"text-align: justify;\">No dejemos pasar la oportunidad de vivir una Pascua con sentido solidario.<\/p>\n<p style=\"text-align: justify;\">\n<p style=\"text-align: justify;\">Reconquista, 19 de marzo de 2024, solemnidad de San Jos\u00e9, Esposo de Mar\u00eda Sant\u00edsima y patrono de nuestra Di\u00f3cesis de Reconquista.<\/p>\n<p style=\"text-align: justify;\">\n<p style=\"text-align: justify;\">\n<p style=\"text-align: justify;\">CARITAS DIOCESANA&nbsp;&nbsp;&nbsp;&nbsp;&nbsp;&nbsp;&nbsp;&nbsp;&nbsp;&nbsp;&nbsp;&nbsp;&nbsp;&nbsp;&nbsp;&nbsp;&nbsp;&nbsp;&nbsp;&nbsp;&nbsp;&nbsp;&nbsp;&nbsp;&nbsp;&nbsp;&nbsp;&nbsp;&nbsp;&nbsp;&nbsp;&nbsp;&nbsp;&nbsp;&nbsp;&nbsp;&nbsp;&nbsp;&nbsp;&nbsp; OBISPADO RECONQUISTA<\/p>\n","protected":false},"excerpt":{"rendered":"<div class=\"mh-excerpt\"><p>Se acercan los d\u00edas centrales de nuestro a\u00f1o lit\u00fargico, en los cuales celebramos la pasi\u00f3n, muerte y resurrecci\u00f3n del Se\u00f1or. Muchas familias est\u00e1n pasando situaciones <a class=\"mh-excerpt-more\" href=\"https:\/\/www.obispadorqta.org.ar\/v3\/para-una-pascua-solidaria\/\" title=\"PARA UNA PASCUA SOLIDARIA\">[&#8230;]<\/a><\/p>\n<\/div>","protected":false},"author":2,"featured_media":3543,"comment_status":"closed","ping_status":"open","sticky":false,"template":"","format":"standard","meta":{"footnotes":""},"categories":[6,28],"tags":[],"class_list":["post-9690","post","type-post","status-publish","format-standard","has-post-thumbnail","hentry","category-news","category-latest-news"],"_links":{"self":[{"href":"https:\/\/www.obispadorqta.org.ar\/v3\/wp-json\/wp\/v2\/posts\/9690","targetHints":{"allow":["GET"]}}],"collection":[{"href":"https:\/\/www.obispadorqta.org.ar\/v3\/wp-json\/wp\/v2\/posts"}],"about":[{"href":"https:\/\/www.obispadorqta.org.ar\/v3\/wp-json\/wp\/v2\/types\/post"}],"author":[{"embeddable":true,"href":"https:\/\/www.obispadorqta.org.ar\/v3\/wp-json\/wp\/v2\/users\/2"}],"replies":[{"embeddable":true,"href":"https:\/\/www.obispadorqta.org.ar\/v3\/wp-json\/wp\/v2\/comments?post=9690"}],"version-history":[{"count":3,"href":"https:\/\/www.obispadorqta.org.ar\/v3\/wp-json\/wp\/v2\/posts\/9690\/revisions"}],"predecessor-version":[{"id":9693,"href":"https:\/\/www.obispadorqta.org.ar\/v3\/wp-json\/wp\/v2\/posts\/9690\/revisions\/9693"}],"wp:featuredmedia":[{"embeddable":true,"href":"https:\/\/www.obispadorqta.org.ar\/v3\/wp-json\/wp\/v2\/media\/3543"}],"wp:attachment":[{"href":"https:\/\/www.obispadorqta.org.ar\/v3\/wp-json\/wp\/v2\/media?parent=9690"}],"wp:term":[{"taxonomy":"category","embeddable":true,"href":"https:\/\/www.obispadorqta.org.ar\/v3\/wp-json\/wp\/v2\/categories?post=9690"},{"taxonomy":"post_tag","embeddable":true,"href":"https:\/\/www.obispadorqta.org.ar\/v3\/wp-json\/wp\/v2\/tags?post=9690"}],"curies":[{"name":"wp","href":"https:\/\/api.w.org\/{rel}","templated":true}]}}