{"id":9695,"date":"2024-03-19T10:07:38","date_gmt":"2024-03-19T13:07:38","guid":{"rendered":"http:\/\/www.obispadorqta.org.ar\/v3\/?p=9695"},"modified":"2024-03-19T10:07:46","modified_gmt":"2024-03-19T13:07:46","slug":"acampada-diocesana-de-jovenes","status":"publish","type":"post","link":"https:\/\/www.obispadorqta.org.ar\/v3\/acampada-diocesana-de-jovenes\/","title":{"rendered":"Acampada Diocesana de J\u00f3venes"},"content":{"rendered":"<p style=\"text-align: justify;\">Desde el d\u00eda 23 de marzo, desde las 16:00 horas, hasta las 12:30 horas del 24 de marzo, bajo el lema \u201c<strong>Ven y ver\u00e1s<\/strong>\u201d, en la ciudad de Malabrigo, se estar\u00e1 llevando a cabo la ACAMPADA ESPIRITUAL DIOCESANA DE J\u00d3VENES 2024.<\/p>\n<p style=\"text-align: justify;\">La Misa de clausura ser\u00e1 el domingo 23 a las 11 hs., presidida por el Obispo Diocesano, Mons. Dr. \u00c1ngel Jos\u00e9 Mac\u00edn.<\/p>\n<p style=\"text-align: justify;\">La propuesta es la misma cada a\u00f1o: \u00abAn\u00edmate joven! Dios quiere habitar en tu coraz\u00f3n, d\u00e9jalo entrar!\u00bb<\/p>\n<p style=\"text-align: justify;\">A continuaci\u00f3n compartimos informaci\u00f3n importante para los participantes:<\/p>\n<p><img loading=\"lazy\" decoding=\"async\" class=\"aligncenter size-full wp-image-9700\" src=\"https:\/\/www.obispadorqta.org.ar\/v3\/wp-content\/uploads\/2024\/03\/431765682_701579775517224_8888349337792365842_n.jpg\" alt=\"\" width=\"1080\" height=\"1350\" srcset=\"https:\/\/www.obispadorqta.org.ar\/v3\/wp-content\/uploads\/2024\/03\/431765682_701579775517224_8888349337792365842_n.jpg 1080w, https:\/\/www.obispadorqta.org.ar\/v3\/wp-content\/uploads\/2024\/03\/431765682_701579775517224_8888349337792365842_n-240x300.jpg 240w, https:\/\/www.obispadorqta.org.ar\/v3\/wp-content\/uploads\/2024\/03\/431765682_701579775517224_8888349337792365842_n-819x1024.jpg 819w, https:\/\/www.obispadorqta.org.ar\/v3\/wp-content\/uploads\/2024\/03\/431765682_701579775517224_8888349337792365842_n-768x960.jpg 768w\" sizes=\"auto, (max-width: 1080px) 100vw, 1080px\" \/><\/p>\n<p><img loading=\"lazy\" decoding=\"async\" class=\"aligncenter size-full wp-image-9701\" src=\"https:\/\/www.obispadorqta.org.ar\/v3\/wp-content\/uploads\/2024\/03\/431745158_701579108850624_3108624630651334747_n.jpg\" alt=\"\" width=\"1080\" height=\"1350\" srcset=\"https:\/\/www.obispadorqta.org.ar\/v3\/wp-content\/uploads\/2024\/03\/431745158_701579108850624_3108624630651334747_n.jpg 1080w, https:\/\/www.obispadorqta.org.ar\/v3\/wp-content\/uploads\/2024\/03\/431745158_701579108850624_3108624630651334747_n-240x300.jpg 240w, https:\/\/www.obispadorqta.org.ar\/v3\/wp-content\/uploads\/2024\/03\/431745158_701579108850624_3108624630651334747_n-819x1024.jpg 819w, https:\/\/www.obispadorqta.org.ar\/v3\/wp-content\/uploads\/2024\/03\/431745158_701579108850624_3108624630651334747_n-768x960.jpg 768w\" sizes=\"auto, (max-width: 1080px) 100vw, 1080px\" \/><\/p>\n<p><img loading=\"lazy\" decoding=\"async\" class=\"aligncenter size-full wp-image-9702\" src=\"https:\/\/www.obispadorqta.org.ar\/v3\/wp-content\/uploads\/2024\/03\/431762261_701578195517382_8595173391458910939_n.jpg\" alt=\"\" width=\"1080\" height=\"1350\" srcset=\"https:\/\/www.obispadorqta.org.ar\/v3\/wp-content\/uploads\/2024\/03\/431762261_701578195517382_8595173391458910939_n.jpg 1080w, https:\/\/www.obispadorqta.org.ar\/v3\/wp-content\/uploads\/2024\/03\/431762261_701578195517382_8595173391458910939_n-240x300.jpg 240w, https:\/\/www.obispadorqta.org.ar\/v3\/wp-content\/uploads\/2024\/03\/431762261_701578195517382_8595173391458910939_n-819x1024.jpg 819w, https:\/\/www.obispadorqta.org.ar\/v3\/wp-content\/uploads\/2024\/03\/431762261_701578195517382_8595173391458910939_n-768x960.jpg 768w\" sizes=\"auto, (max-width: 1080px) 100vw, 1080px\" \/><\/p>\n","protected":false},"excerpt":{"rendered":"<div class=\"mh-excerpt\"><p>Desde el d\u00eda 23 de marzo, desde las 16:00 horas, hasta las 12:30 horas del 24 de marzo, bajo el lema \u201cVen y ver\u00e1s\u201d, en <a class=\"mh-excerpt-more\" href=\"https:\/\/www.obispadorqta.org.ar\/v3\/acampada-diocesana-de-jovenes\/\" title=\"Acampada Diocesana de J\u00f3venes\">[&#8230;]<\/a><\/p>\n<\/div>","protected":false},"author":2,"featured_media":9699,"comment_status":"closed","ping_status":"open","sticky":false,"template":"","format":"standard","meta":{"footnotes":""},"categories":[6,28],"tags":[],"class_list":["post-9695","post","type-post","status-publish","format-standard","has-post-thumbnail","hentry","category-news","category-latest-news"],"_links":{"self":[{"href":"https:\/\/www.obispadorqta.org.ar\/v3\/wp-json\/wp\/v2\/posts\/9695","targetHints":{"allow":["GET"]}}],"collection":[{"href":"https:\/\/www.obispadorqta.org.ar\/v3\/wp-json\/wp\/v2\/posts"}],"about":[{"href":"https:\/\/www.obispadorqta.org.ar\/v3\/wp-json\/wp\/v2\/types\/post"}],"author":[{"embeddable":true,"href":"https:\/\/www.obispadorqta.org.ar\/v3\/wp-json\/wp\/v2\/users\/2"}],"replies":[{"embeddable":true,"href":"https:\/\/www.obispadorqta.org.ar\/v3\/wp-json\/wp\/v2\/comments?post=9695"}],"version-history":[{"count":3,"href":"https:\/\/www.obispadorqta.org.ar\/v3\/wp-json\/wp\/v2\/posts\/9695\/revisions"}],"predecessor-version":[{"id":9704,"href":"https:\/\/www.obispadorqta.org.ar\/v3\/wp-json\/wp\/v2\/posts\/9695\/revisions\/9704"}],"wp:featuredmedia":[{"embeddable":true,"href":"https:\/\/www.obispadorqta.org.ar\/v3\/wp-json\/wp\/v2\/media\/9699"}],"wp:attachment":[{"href":"https:\/\/www.obispadorqta.org.ar\/v3\/wp-json\/wp\/v2\/media?parent=9695"}],"wp:term":[{"taxonomy":"category","embeddable":true,"href":"https:\/\/www.obispadorqta.org.ar\/v3\/wp-json\/wp\/v2\/categories?post=9695"},{"taxonomy":"post_tag","embeddable":true,"href":"https:\/\/www.obispadorqta.org.ar\/v3\/wp-json\/wp\/v2\/tags?post=9695"}],"curies":[{"name":"wp","href":"https:\/\/api.w.org\/{rel}","templated":true}]}}