{"id":9698,"date":"2024-03-19T10:53:03","date_gmt":"2024-03-19T13:53:03","guid":{"rendered":"http:\/\/www.obispadorqta.org.ar\/v3\/?p=9698"},"modified":"2024-03-19T10:53:36","modified_gmt":"2024-03-19T13:53:36","slug":"19-de-marzo-dia-de-san-jose","status":"publish","type":"post","link":"https:\/\/www.obispadorqta.org.ar\/v3\/19-de-marzo-dia-de-san-jose\/","title":{"rendered":"19 de marzo: D\u00eda de San Jos\u00e9"},"content":{"rendered":"<p style=\"text-align: justify;\">Celebramos hoy la Solemnidad de San Jos\u00e9 de Nazaret, Patrono de la Iglesia universal y de la Sagrada Familia, y al que Dios le encomend\u00f3 la responsabilidad de tomar por esposa a la Virgen Mar\u00eda y convertirse en el padre adoptivo de Jes\u00fas.<\/p>\n<p style=\"text-align: justify;\">San Jos\u00e9 es un ejemplo para todos los que desde la fe hemos decidido seguir a Cristo, para todos los que desde el bautismo hemos iniciado un camino en la santidad y en la gracia que proviene de Dios; es ejemplo de obediencia, silencio, perseverancia y trabajo.<\/p>\n<p>En este d\u00eda, el Obispo Diocesano, Mons. \u00c1ngel Jos\u00e9 Mac\u00edn, presidir\u00e1 la misa en la Iglesia Catedral, en honor a San Jos\u00e9, patrono de nuestra Di\u00f3cesis de Reconquista, a las 20 hs.<\/p>\n","protected":false},"excerpt":{"rendered":"<div class=\"mh-excerpt\"><p>Celebramos hoy la Solemnidad de San Jos\u00e9 de Nazaret, Patrono de la Iglesia universal y de la Sagrada Familia, y al que Dios le encomend\u00f3 <a class=\"mh-excerpt-more\" href=\"https:\/\/www.obispadorqta.org.ar\/v3\/19-de-marzo-dia-de-san-jose\/\" title=\"19 de marzo: D\u00eda de San Jos\u00e9\">[&#8230;]<\/a><\/p>\n<\/div>","protected":false},"author":3,"featured_media":9706,"comment_status":"closed","ping_status":"open","sticky":false,"template":"","format":"standard","meta":{"footnotes":""},"categories":[6,28],"tags":[],"class_list":["post-9698","post","type-post","status-publish","format-standard","has-post-thumbnail","hentry","category-news","category-latest-news"],"_links":{"self":[{"href":"https:\/\/www.obispadorqta.org.ar\/v3\/wp-json\/wp\/v2\/posts\/9698","targetHints":{"allow":["GET"]}}],"collection":[{"href":"https:\/\/www.obispadorqta.org.ar\/v3\/wp-json\/wp\/v2\/posts"}],"about":[{"href":"https:\/\/www.obispadorqta.org.ar\/v3\/wp-json\/wp\/v2\/types\/post"}],"author":[{"embeddable":true,"href":"https:\/\/www.obispadorqta.org.ar\/v3\/wp-json\/wp\/v2\/users\/3"}],"replies":[{"embeddable":true,"href":"https:\/\/www.obispadorqta.org.ar\/v3\/wp-json\/wp\/v2\/comments?post=9698"}],"version-history":[{"count":2,"href":"https:\/\/www.obispadorqta.org.ar\/v3\/wp-json\/wp\/v2\/posts\/9698\/revisions"}],"predecessor-version":[{"id":9707,"href":"https:\/\/www.obispadorqta.org.ar\/v3\/wp-json\/wp\/v2\/posts\/9698\/revisions\/9707"}],"wp:featuredmedia":[{"embeddable":true,"href":"https:\/\/www.obispadorqta.org.ar\/v3\/wp-json\/wp\/v2\/media\/9706"}],"wp:attachment":[{"href":"https:\/\/www.obispadorqta.org.ar\/v3\/wp-json\/wp\/v2\/media?parent=9698"}],"wp:term":[{"taxonomy":"category","embeddable":true,"href":"https:\/\/www.obispadorqta.org.ar\/v3\/wp-json\/wp\/v2\/categories?post=9698"},{"taxonomy":"post_tag","embeddable":true,"href":"https:\/\/www.obispadorqta.org.ar\/v3\/wp-json\/wp\/v2\/tags?post=9698"}],"curies":[{"name":"wp","href":"https:\/\/api.w.org\/{rel}","templated":true}]}}