{"id":970,"date":"2014-09-12T10:57:15","date_gmt":"2014-09-12T10:57:15","guid":{"rendered":"http:\/\/www.obispadorqta.org.ar\/v3\/palabras-de-mons-angel-jose-macin-desde-roma-para-nuestra-diocesis\/"},"modified":"2014-09-12T10:57:15","modified_gmt":"2014-09-12T10:57:15","slug":"palabras-de-mons-angel-jose-macin-desde-roma-para-nuestra-diocesis","status":"publish","type":"post","link":"https:\/\/www.obispadorqta.org.ar\/v3\/palabras-de-mons-angel-jose-macin-desde-roma-para-nuestra-diocesis\/","title":{"rendered":"Palabras de Mons. \u00c1ngel Jos\u00e9 Mac\u00edn desde Roma para nuestra Di\u00f3cesis"},"content":{"rendered":"<div style=\"text-align: center\"><img loading=\"lazy\" decoding=\"async\" src=\"https:\/\/fbcdn-sphotos-f-a.akamaihd.net\/hphotos-ak-xap1\/v\/t1.0-9\/r90\/10458725_668817269881434_6740076773280211877_n.jpg?oh=b7414dd994c6d5c83a80467fe701675d&#038;oe=549BA4F2&#038;__gda__=1417855293_51c0190c6d7e7e9ae3680444b07a0656\" border=\"0\" width=\"277\" height=\"370\" \/>  <\/div>\n<div style=\"text-align: center\">\u00a0<\/div>\n<div style=\"text-align: center\"><font color=\"#000000\"><strong><u>PEREGRINACI\u00d3N A LA TUMBA DEL AP\u00d3STOL PEDRO<br \/><\/u><br \/><\/strong><\/font><\/div>\n<div style=\"text-align: center\">\n<div align=\"justify\"><font color=\"#000000\">Queridos hermanos y hermanas de la Di\u00f3cesis de Reconquista:<\/font><\/p>\n<p><font color=\"#000000\">Desde hace algunos d\u00edas estoy en Roma, compartiendo con cerca de 150 obispos de todo el mundo, recientemente ordenados, un encuentro denominado \u201cPeregrinaci\u00f3n a la tumba del Ap\u00f3stol Pedro\u201d. Les comento que se trata de una experiencia muy intensa de oraci\u00f3n, de estudio, de reflexi\u00f3n compartida\u2026y de mucho di\u00e1logo. Nos acompa\u00f1a diariamente el Cardenal M. Ouellet, Prefecto de la Congregaci\u00f3n para los Obispos, y nos visitan los responsables de las diferentes \u00e1reas de la Santa Sede. Se trata de una profunda y aut\u00e9ntica vivencia de comuni\u00f3n y corresponsabilidad episcopal.<\/font><\/div>\n<div align=\"justify\">\u00a0<\/div>\n<div align=\"justify\"><font color=\"#000000\">El pr\u00f3ximo s\u00e1bado por la ma\u00f1ana, vamos a vivir un momento muy especial. Concelebraremos la Santa Misa en la Bas\u00edlica de San Pedro y luego visitaremos el lugar donde descansan los restos mortales de quien fue elegido, por el mismo Jes\u00fas, para ser cabeza del grupo de los Ap\u00f3stoles. Luego, el jueves 18, seremos recibidos por el sucesor de Pedro, nuestro querido Papa Francisco. Todos aguardamos con alegr\u00eda ese encuentro, que ser\u00e1 expresi\u00f3n privilegiada de comuni\u00f3n apost\u00f3lica.<\/font><\/div>\n<div align=\"justify\">\u00a0<\/div>\n<div align=\"justify\"><font color=\"#000000\">Cada d\u00eda me llegan noticias de la di\u00f3cesis. S\u00e9 que est\u00e1n preparando las asambleas zonales. Que se est\u00e1 comenzando a rezar por el S\u00ednodo Extraordinario sobre la familia, que los j\u00f3venes se est\u00e1n preparando para peregrinar a Itat\u00ed\u2026Los tengo presentes a todos y a cada uno. Sobre todo, rezo mucho por ustedes. Tambi\u00e9n le pido a Dios me regale la sabidur\u00eda y la prudencia para guiar y servir a la di\u00f3cesis seg\u00fan su voluntad. Les pido, una vez m\u00e1s, que recen por m\u00ed, para que pueda ser padre, hermano y amigo de todos.<\/font><\/div>\n<div align=\"justify\">\u00a0<\/div>\n<div>\n<div align=\"justify\"><font color=\"#000000\">Los extra\u00f1o y voy contando los d\u00edas para estar nuevamente de regreso entre ustedes. Con afecto de Padre y Pastor, les env\u00edo mi bendici\u00f3n.<\/font><\/div>\n<p><\/p>\n<div align=\"right\"><strong><font color=\"#000000\">+ Padre \u00c1ngel Jos\u00e9<\/font><br \/><font color=\"#000000\">Obispo de Reconquista<\/font><br \/><\/strong><\/div>\n<\/div>\n<\/div>\n","protected":false},"excerpt":{"rendered":"<div class=\"mh-excerpt\"><div style=\"text-align: center\"><img loading=\"lazy\" decoding=\"async\" src=\"https:\/\/fbcdn-sphotos-f-a.akamaihd.net\/hphotos-ak-xap1\/v\/t1.0-9\/r90\/10458725_668817269881434_6740076773280211877_n.jpg?oh=b7414dd994c6d5c83a80467fe701675d&#038;oe=549BA4F2&#038;__gda__=1417855293_51c0190c6d7e7e9ae3680444b07a0656\" border=\"0\" width=\"277\" height=\"370\" \/><\/p>\n<\/div>","protected":false},"author":1,"featured_media":0,"comment_status":"open","ping_status":"open","sticky":false,"template":"","format":"standard","meta":{"footnotes":""},"categories":[28],"tags":[],"class_list":["post-970","post","type-post","status-publish","format-standard","hentry","category-latest-news"],"_links":{"self":[{"href":"https:\/\/www.obispadorqta.org.ar\/v3\/wp-json\/wp\/v2\/posts\/970","targetHints":{"allow":["GET"]}}],"collection":[{"href":"https:\/\/www.obispadorqta.org.ar\/v3\/wp-json\/wp\/v2\/posts"}],"about":[{"href":"https:\/\/www.obispadorqta.org.ar\/v3\/wp-json\/wp\/v2\/types\/post"}],"author":[{"embeddable":true,"href":"https:\/\/www.obispadorqta.org.ar\/v3\/wp-json\/wp\/v2\/users\/1"}],"replies":[{"embeddable":true,"href":"https:\/\/www.obispadorqta.org.ar\/v3\/wp-json\/wp\/v2\/comments?post=970"}],"version-history":[{"count":0,"href":"https:\/\/www.obispadorqta.org.ar\/v3\/wp-json\/wp\/v2\/posts\/970\/revisions"}],"wp:attachment":[{"href":"https:\/\/www.obispadorqta.org.ar\/v3\/wp-json\/wp\/v2\/media?parent=970"}],"wp:term":[{"taxonomy":"category","embeddable":true,"href":"https:\/\/www.obispadorqta.org.ar\/v3\/wp-json\/wp\/v2\/categories?post=970"},{"taxonomy":"post_tag","embeddable":true,"href":"https:\/\/www.obispadorqta.org.ar\/v3\/wp-json\/wp\/v2\/tags?post=970"}],"curies":[{"name":"wp","href":"https:\/\/api.w.org\/{rel}","templated":true}]}}