{"id":9710,"date":"2024-03-28T09:59:41","date_gmt":"2024-03-28T12:59:41","guid":{"rendered":"http:\/\/www.obispadorqta.org.ar\/v3\/?p=9710"},"modified":"2024-03-28T10:51:32","modified_gmt":"2024-03-28T13:51:32","slug":"semana-santa","status":"publish","type":"post","link":"https:\/\/www.obispadorqta.org.ar\/v3\/semana-santa\/","title":{"rendered":"Semana Santa"},"content":{"rendered":"<p style=\"text-align: justify;\">En la noche del mi\u00e9rcoles Santo, durante la celebraci\u00f3n de la Misa Crismal,\u00a0 presidida por el obispo diocesano, Mons. Dr. \u00c1ngel Jos\u00e9 Mac\u00edn, el cu\u00e1l consagr\u00f3 el Santo Crisma, el \u00d3leo de los Catec\u00famenos y de los enfermos, como as\u00ed tambi\u00e9n, los presb\u00edteros renovaron sus promesas sacerdotales en conmemoraci\u00f3n anual del d\u00eda en que Cristo confiri\u00f3 su sacerdocio a los Ap\u00f3stoles.<\/p>\n<p style=\"text-align: justify;\">Con esta celebraci\u00f3n, como comunidad cristiana, disponemos nuestros corazones para vivir el momento central de esta Semana Santa que ha dado comienzo el Domingo de Ramos y concluir\u00e1 el Domingo de Pascua.<\/p>\n<p style=\"text-align: justify;\">Asimismo, recordamos la recomendaci\u00f3n que nos hiciera nuestro Obispo Diocesano junto con C\u00e1ritas Diocesana \u00abPARA UNA PASCUA SOLIDARIA\u00bb con aquellos que est\u00e1n pasando situaciones dif\u00edciles, con la propuesta sencilla de:<\/p>\n<p style=\"text-align: justify;\">&#8211; Quienes se sientan motivados, pueden privarse de alguna cosa y acercarla a alg\u00fan familiar, a alg\u00fan vecino o conocido, que no est\u00e1 pasando bien este tiempo. Que el gesto sea directo, y brote espont\u00e1neamente de la caridad.<\/p>\n<p style=\"text-align: justify;\">&#8211; Aquellos que no conozcan situaciones de este tipo o desean hacerlo de un modo reservado o an\u00f3nimo, podr\u00e1n acercar durante los d\u00edas de Semana Santa, especialmente al V\u00eda Crucis del Viernes Santo, alimentos esenciales a los lugares de culto (arroz, fideos, harina, az\u00facar, leche, aceite), que luego ser\u00e1n administrados para su distribuci\u00f3n por Caritas Parroquial.<\/p>\n<p style=\"text-align: justify;\">&#8211; Si alguna parroquia recibe excedentes en los aportes, rogamos se comuniquen con Caritas Diocesana para que redistribuya los mismos a lugares m\u00e1s alejados y en situaciones de emergencia alimentaria.<\/p>\n<p style=\"text-align: justify;\">Invitamos a todos a participar de las distintas celebraciones que se realizar\u00e1n en las parroquias que integran nuestra iglesia particular y a realizar nuestro aporte generoso por aquellos que lo necesitan.<\/p>\n<p><img loading=\"lazy\" decoding=\"async\" class=\"aligncenter size-full wp-image-9716\" src=\"https:\/\/www.obispadorqta.org.ar\/v3\/wp-content\/uploads\/2024\/03\/1711626858513-scaled.jpg\" alt=\"\" width=\"2560\" height=\"1183\" srcset=\"https:\/\/www.obispadorqta.org.ar\/v3\/wp-content\/uploads\/2024\/03\/1711626858513-scaled.jpg 2560w, https:\/\/www.obispadorqta.org.ar\/v3\/wp-content\/uploads\/2024\/03\/1711626858513-300x139.jpg 300w, https:\/\/www.obispadorqta.org.ar\/v3\/wp-content\/uploads\/2024\/03\/1711626858513-1024x473.jpg 1024w, https:\/\/www.obispadorqta.org.ar\/v3\/wp-content\/uploads\/2024\/03\/1711626858513-768x355.jpg 768w, https:\/\/www.obispadorqta.org.ar\/v3\/wp-content\/uploads\/2024\/03\/1711626858513-1536x710.jpg 1536w, https:\/\/www.obispadorqta.org.ar\/v3\/wp-content\/uploads\/2024\/03\/1711626858513-2048x946.jpg 2048w\" sizes=\"auto, (max-width: 2560px) 100vw, 2560px\" \/><\/p>\n<p><img loading=\"lazy\" decoding=\"async\" class=\"aligncenter size-full wp-image-9717\" src=\"https:\/\/www.obispadorqta.org.ar\/v3\/wp-content\/uploads\/2024\/03\/1711626858543-scaled.jpg\" alt=\"\" width=\"2560\" height=\"1183\" srcset=\"https:\/\/www.obispadorqta.org.ar\/v3\/wp-content\/uploads\/2024\/03\/1711626858543-scaled.jpg 2560w, https:\/\/www.obispadorqta.org.ar\/v3\/wp-content\/uploads\/2024\/03\/1711626858543-300x139.jpg 300w, https:\/\/www.obispadorqta.org.ar\/v3\/wp-content\/uploads\/2024\/03\/1711626858543-1024x473.jpg 1024w, https:\/\/www.obispadorqta.org.ar\/v3\/wp-content\/uploads\/2024\/03\/1711626858543-768x355.jpg 768w, https:\/\/www.obispadorqta.org.ar\/v3\/wp-content\/uploads\/2024\/03\/1711626858543-1536x710.jpg 1536w, https:\/\/www.obispadorqta.org.ar\/v3\/wp-content\/uploads\/2024\/03\/1711626858543-2048x946.jpg 2048w\" sizes=\"auto, (max-width: 2560px) 100vw, 2560px\" \/><img loading=\"lazy\" decoding=\"async\" class=\"aligncenter size-full wp-image-9718\" src=\"https:\/\/www.obispadorqta.org.ar\/v3\/wp-content\/uploads\/2024\/03\/1711626858462.jpg\" alt=\"\" width=\"2117\" height=\"1504\" srcset=\"https:\/\/www.obispadorqta.org.ar\/v3\/wp-content\/uploads\/2024\/03\/1711626858462.jpg 2117w, https:\/\/www.obispadorqta.org.ar\/v3\/wp-content\/uploads\/2024\/03\/1711626858462-300x213.jpg 300w, https:\/\/www.obispadorqta.org.ar\/v3\/wp-content\/uploads\/2024\/03\/1711626858462-1024x727.jpg 1024w, https:\/\/www.obispadorqta.org.ar\/v3\/wp-content\/uploads\/2024\/03\/1711626858462-768x546.jpg 768w, https:\/\/www.obispadorqta.org.ar\/v3\/wp-content\/uploads\/2024\/03\/1711626858462-1536x1091.jpg 1536w, https:\/\/www.obispadorqta.org.ar\/v3\/wp-content\/uploads\/2024\/03\/1711626858462-2048x1455.jpg 2048w\" sizes=\"auto, (max-width: 2117px) 100vw, 2117px\" \/><\/p>\n","protected":false},"excerpt":{"rendered":"<div class=\"mh-excerpt\"><p>En la noche del mi\u00e9rcoles Santo, durante la celebraci\u00f3n de la Misa Crismal,\u00a0 presidida por el obispo diocesano, Mons. Dr. \u00c1ngel Jos\u00e9 Mac\u00edn, el cu\u00e1l <a class=\"mh-excerpt-more\" href=\"https:\/\/www.obispadorqta.org.ar\/v3\/semana-santa\/\" title=\"Semana Santa\">[&#8230;]<\/a><\/p>\n<\/div>","protected":false},"author":2,"featured_media":9711,"comment_status":"closed","ping_status":"open","sticky":false,"template":"","format":"standard","meta":{"footnotes":""},"categories":[6,28],"tags":[],"class_list":["post-9710","post","type-post","status-publish","format-standard","has-post-thumbnail","hentry","category-news","category-latest-news"],"_links":{"self":[{"href":"https:\/\/www.obispadorqta.org.ar\/v3\/wp-json\/wp\/v2\/posts\/9710","targetHints":{"allow":["GET"]}}],"collection":[{"href":"https:\/\/www.obispadorqta.org.ar\/v3\/wp-json\/wp\/v2\/posts"}],"about":[{"href":"https:\/\/www.obispadorqta.org.ar\/v3\/wp-json\/wp\/v2\/types\/post"}],"author":[{"embeddable":true,"href":"https:\/\/www.obispadorqta.org.ar\/v3\/wp-json\/wp\/v2\/users\/2"}],"replies":[{"embeddable":true,"href":"https:\/\/www.obispadorqta.org.ar\/v3\/wp-json\/wp\/v2\/comments?post=9710"}],"version-history":[{"count":5,"href":"https:\/\/www.obispadorqta.org.ar\/v3\/wp-json\/wp\/v2\/posts\/9710\/revisions"}],"predecessor-version":[{"id":9720,"href":"https:\/\/www.obispadorqta.org.ar\/v3\/wp-json\/wp\/v2\/posts\/9710\/revisions\/9720"}],"wp:featuredmedia":[{"embeddable":true,"href":"https:\/\/www.obispadorqta.org.ar\/v3\/wp-json\/wp\/v2\/media\/9711"}],"wp:attachment":[{"href":"https:\/\/www.obispadorqta.org.ar\/v3\/wp-json\/wp\/v2\/media?parent=9710"}],"wp:term":[{"taxonomy":"category","embeddable":true,"href":"https:\/\/www.obispadorqta.org.ar\/v3\/wp-json\/wp\/v2\/categories?post=9710"},{"taxonomy":"post_tag","embeddable":true,"href":"https:\/\/www.obispadorqta.org.ar\/v3\/wp-json\/wp\/v2\/tags?post=9710"}],"curies":[{"name":"wp","href":"https:\/\/api.w.org\/{rel}","templated":true}]}}