{"id":9721,"date":"2024-04-03T10:41:02","date_gmt":"2024-04-03T13:41:02","guid":{"rendered":"http:\/\/www.obispadorqta.org.ar\/v3\/?p=9721"},"modified":"2024-04-03T10:41:18","modified_gmt":"2024-04-03T13:41:18","slug":"inicio-del-ano-lectivo-del-instituto-de-teologia-y-pastoral-juan-pablo-ii-itepare","status":"publish","type":"post","link":"https:\/\/www.obispadorqta.org.ar\/v3\/inicio-del-ano-lectivo-del-instituto-de-teologia-y-pastoral-juan-pablo-ii-itepare\/","title":{"rendered":"Inicio del a\u00f1o lectivo del Instituto de Teolog\u00eda y Pastoral Juan Pablo II (ITEPARE)"},"content":{"rendered":"<p style=\"text-align: justify;\">El mi\u00e9rcoles 3 de abril de 2024 tendr\u00e1 lugar el inicio del ciclo lectivo del Instituto de Teolog\u00eda y Pastoral Juan Pablo II (ITEPARE), con la celebraci\u00f3n de la Eucarist\u00eda, a las 20 hs., presidida por el Obispo Diocesano, Mons. Dr. \u00c1ngel Jos\u00e9 Mac\u00edn.<\/p>\n<p style=\"text-align: justify;\">Se llevar\u00e1 a cabo en las instalaciones del Colegio \u00abSan Jos\u00e9\u00bb de la ciudad de Reconquista,\u00a0 lugar donde luego se desarrolla el cursado. Luego se realizar\u00e1 una reflexi\u00f3n de inicio de a\u00f1o con el lineamiento de \u00abTeolog\u00eda, Oraci\u00f3n y Misi\u00f3n\u00bb.<\/p>\n<p><img loading=\"lazy\" decoding=\"async\" class=\"aligncenter size-full wp-image-9723\" src=\"https:\/\/www.obispadorqta.org.ar\/v3\/wp-content\/uploads\/2024\/04\/IMG-20240403-WA0000.jpg\" alt=\"\" width=\"1080\" height=\"1080\" srcset=\"https:\/\/www.obispadorqta.org.ar\/v3\/wp-content\/uploads\/2024\/04\/IMG-20240403-WA0000.jpg 1080w, https:\/\/www.obispadorqta.org.ar\/v3\/wp-content\/uploads\/2024\/04\/IMG-20240403-WA0000-300x300.jpg 300w, https:\/\/www.obispadorqta.org.ar\/v3\/wp-content\/uploads\/2024\/04\/IMG-20240403-WA0000-1024x1024.jpg 1024w, https:\/\/www.obispadorqta.org.ar\/v3\/wp-content\/uploads\/2024\/04\/IMG-20240403-WA0000-150x150.jpg 150w, https:\/\/www.obispadorqta.org.ar\/v3\/wp-content\/uploads\/2024\/04\/IMG-20240403-WA0000-768x768.jpg 768w\" sizes=\"auto, (max-width: 1080px) 100vw, 1080px\" \/><\/p>\n","protected":false},"excerpt":{"rendered":"<div class=\"mh-excerpt\"><p>El mi\u00e9rcoles 3 de abril de 2024 tendr\u00e1 lugar el inicio del ciclo lectivo del Instituto de Teolog\u00eda y Pastoral Juan Pablo II (ITEPARE), con <a class=\"mh-excerpt-more\" href=\"https:\/\/www.obispadorqta.org.ar\/v3\/inicio-del-ano-lectivo-del-instituto-de-teologia-y-pastoral-juan-pablo-ii-itepare\/\" title=\"Inicio del a\u00f1o lectivo del Instituto de Teolog\u00eda y Pastoral Juan Pablo II (ITEPARE)\">[&#8230;]<\/a><\/p>\n<\/div>","protected":false},"author":2,"featured_media":8470,"comment_status":"closed","ping_status":"open","sticky":false,"template":"","format":"standard","meta":{"footnotes":""},"categories":[6,28],"tags":[],"class_list":["post-9721","post","type-post","status-publish","format-standard","has-post-thumbnail","hentry","category-news","category-latest-news"],"_links":{"self":[{"href":"https:\/\/www.obispadorqta.org.ar\/v3\/wp-json\/wp\/v2\/posts\/9721","targetHints":{"allow":["GET"]}}],"collection":[{"href":"https:\/\/www.obispadorqta.org.ar\/v3\/wp-json\/wp\/v2\/posts"}],"about":[{"href":"https:\/\/www.obispadorqta.org.ar\/v3\/wp-json\/wp\/v2\/types\/post"}],"author":[{"embeddable":true,"href":"https:\/\/www.obispadorqta.org.ar\/v3\/wp-json\/wp\/v2\/users\/2"}],"replies":[{"embeddable":true,"href":"https:\/\/www.obispadorqta.org.ar\/v3\/wp-json\/wp\/v2\/comments?post=9721"}],"version-history":[{"count":2,"href":"https:\/\/www.obispadorqta.org.ar\/v3\/wp-json\/wp\/v2\/posts\/9721\/revisions"}],"predecessor-version":[{"id":9724,"href":"https:\/\/www.obispadorqta.org.ar\/v3\/wp-json\/wp\/v2\/posts\/9721\/revisions\/9724"}],"wp:featuredmedia":[{"embeddable":true,"href":"https:\/\/www.obispadorqta.org.ar\/v3\/wp-json\/wp\/v2\/media\/8470"}],"wp:attachment":[{"href":"https:\/\/www.obispadorqta.org.ar\/v3\/wp-json\/wp\/v2\/media?parent=9721"}],"wp:term":[{"taxonomy":"category","embeddable":true,"href":"https:\/\/www.obispadorqta.org.ar\/v3\/wp-json\/wp\/v2\/categories?post=9721"},{"taxonomy":"post_tag","embeddable":true,"href":"https:\/\/www.obispadorqta.org.ar\/v3\/wp-json\/wp\/v2\/tags?post=9721"}],"curies":[{"name":"wp","href":"https:\/\/api.w.org\/{rel}","templated":true}]}}