{"id":9725,"date":"2024-04-03T11:51:28","date_gmt":"2024-04-03T14:51:28","guid":{"rendered":"http:\/\/www.obispadorqta.org.ar\/v3\/?p=9725"},"modified":"2024-04-03T11:57:19","modified_gmt":"2024-04-03T14:57:19","slug":"misa-en-accion-de-gracias-por-el-servicio-de-la-hna-mariasun","status":"publish","type":"post","link":"https:\/\/www.obispadorqta.org.ar\/v3\/misa-en-accion-de-gracias-por-el-servicio-de-la-hna-mariasun\/","title":{"rendered":"Misa en acci\u00f3n de gracias por el servicio de la Hna. Mariasun"},"content":{"rendered":"<p style=\"text-align: justify;\">El Obispado de Reconquista hace extensiva la invitaci\u00f3n a participar de la celebraci\u00f3n de la Eucarist\u00eda en acci\u00f3n de gracias por el servicio que durante tanto tiempo ha prestado a la di\u00f3cesis la Hna. Mar\u00eda Asunci\u00f3n Fern\u00e1ndez Hidalgo \u00abMariasun\u00bb, de la Sociedad del Sagrado Coraz\u00f3n de Jes\u00fas.<\/p>\n<p style=\"text-align: justify;\">La misma ser\u00e1 presidida por el Obispo Diocesano, Mons. \u00c1ngel Jos\u00e9 Mac\u00edn y se realizar\u00e1 en la capilla Virgen de Lourdes del Barrio La Cortada de la ciudad de Reconquista, el s\u00e1bado 6 de abril a las 18 hs.<\/p>\n<p style=\"text-align: justify;\">Agradecemos a Dios por la vida y el servicio de la Hna. Mariasun en nuestra Iglesia Particular y en cada uno de los lugares donde el Se\u00f1or la ha llamado para ser testimonio de Su Gracia.<\/p>\n<p><img loading=\"lazy\" decoding=\"async\" class=\"aligncenter size-full wp-image-9737\" src=\"https:\/\/www.obispadorqta.org.ar\/v3\/wp-content\/uploads\/2024\/04\/IMG-20240403-WA0002.jpg\" alt=\"\" width=\"1600\" height=\"1600\" srcset=\"https:\/\/www.obispadorqta.org.ar\/v3\/wp-content\/uploads\/2024\/04\/IMG-20240403-WA0002.jpg 1600w, https:\/\/www.obispadorqta.org.ar\/v3\/wp-content\/uploads\/2024\/04\/IMG-20240403-WA0002-300x300.jpg 300w, https:\/\/www.obispadorqta.org.ar\/v3\/wp-content\/uploads\/2024\/04\/IMG-20240403-WA0002-1024x1024.jpg 1024w, https:\/\/www.obispadorqta.org.ar\/v3\/wp-content\/uploads\/2024\/04\/IMG-20240403-WA0002-150x150.jpg 150w, https:\/\/www.obispadorqta.org.ar\/v3\/wp-content\/uploads\/2024\/04\/IMG-20240403-WA0002-768x768.jpg 768w, https:\/\/www.obispadorqta.org.ar\/v3\/wp-content\/uploads\/2024\/04\/IMG-20240403-WA0002-1536x1536.jpg 1536w\" sizes=\"auto, (max-width: 1600px) 100vw, 1600px\" \/><\/p>\n","protected":false},"excerpt":{"rendered":"<div class=\"mh-excerpt\"><p>El Obispado de Reconquista hace extensiva la invitaci\u00f3n a participar de la celebraci\u00f3n de la Eucarist\u00eda en acci\u00f3n de gracias por el servicio que durante <a class=\"mh-excerpt-more\" href=\"https:\/\/www.obispadorqta.org.ar\/v3\/misa-en-accion-de-gracias-por-el-servicio-de-la-hna-mariasun\/\" title=\"Misa en acci\u00f3n de gracias por el servicio de la Hna. Mariasun\">[&#8230;]<\/a><\/p>\n<\/div>","protected":false},"author":2,"featured_media":9735,"comment_status":"closed","ping_status":"open","sticky":false,"template":"","format":"standard","meta":{"footnotes":""},"categories":[6,28],"tags":[],"class_list":["post-9725","post","type-post","status-publish","format-standard","has-post-thumbnail","hentry","category-news","category-latest-news"],"_links":{"self":[{"href":"https:\/\/www.obispadorqta.org.ar\/v3\/wp-json\/wp\/v2\/posts\/9725","targetHints":{"allow":["GET"]}}],"collection":[{"href":"https:\/\/www.obispadorqta.org.ar\/v3\/wp-json\/wp\/v2\/posts"}],"about":[{"href":"https:\/\/www.obispadorqta.org.ar\/v3\/wp-json\/wp\/v2\/types\/post"}],"author":[{"embeddable":true,"href":"https:\/\/www.obispadorqta.org.ar\/v3\/wp-json\/wp\/v2\/users\/2"}],"replies":[{"embeddable":true,"href":"https:\/\/www.obispadorqta.org.ar\/v3\/wp-json\/wp\/v2\/comments?post=9725"}],"version-history":[{"count":5,"href":"https:\/\/www.obispadorqta.org.ar\/v3\/wp-json\/wp\/v2\/posts\/9725\/revisions"}],"predecessor-version":[{"id":9738,"href":"https:\/\/www.obispadorqta.org.ar\/v3\/wp-json\/wp\/v2\/posts\/9725\/revisions\/9738"}],"wp:featuredmedia":[{"embeddable":true,"href":"https:\/\/www.obispadorqta.org.ar\/v3\/wp-json\/wp\/v2\/media\/9735"}],"wp:attachment":[{"href":"https:\/\/www.obispadorqta.org.ar\/v3\/wp-json\/wp\/v2\/media?parent=9725"}],"wp:term":[{"taxonomy":"category","embeddable":true,"href":"https:\/\/www.obispadorqta.org.ar\/v3\/wp-json\/wp\/v2\/categories?post=9725"},{"taxonomy":"post_tag","embeddable":true,"href":"https:\/\/www.obispadorqta.org.ar\/v3\/wp-json\/wp\/v2\/tags?post=9725"}],"curies":[{"name":"wp","href":"https:\/\/api.w.org\/{rel}","templated":true}]}}