{"id":9729,"date":"2024-04-03T11:19:26","date_gmt":"2024-04-03T14:19:26","guid":{"rendered":"http:\/\/www.obispadorqta.org.ar\/v3\/?p=9729"},"modified":"2024-04-03T11:19:34","modified_gmt":"2024-04-03T14:19:34","slug":"acolitado-seminarista-nestor-fabian-martinez","status":"publish","type":"post","link":"https:\/\/www.obispadorqta.org.ar\/v3\/acolitado-seminarista-nestor-fabian-martinez\/","title":{"rendered":"Acolitado Seminarista N\u00e9stor Fabi\u00e1n Mart\u00ednez"},"content":{"rendered":"<p style=\"text-align: justify;\">Con alegr\u00eda, desde el Obispado de Reconquista invitamos a todo el Pueblo de Dios a participar de la celebraci\u00f3n de la Santa Misa, donde el Obispo Diocesano, Mons. Dr. \u00c1ngel Jos\u00e9 Mac\u00edn, instituir\u00e1 en el Ministerio del Acolitado al seminarista N\u00e9stor Fabi\u00e1n Mart\u00ednez.<\/p>\n<p style=\"text-align: justify;\">La misma se llevar\u00e1 a cabo en la Parroquia \u00abSan Roque\u00bb de Margarita, el d\u00eda viernes 5 de abril a las 20 hs.<\/p>\n<p style=\"text-align: justify;\">Elevamos nuestras oraciones por este nuevo ministerio de N\u00e9stor y por las vocaciones de nuestra di\u00f3cesis.<\/p>\n","protected":false},"excerpt":{"rendered":"<div class=\"mh-excerpt\"><p>Con alegr\u00eda, desde el Obispado de Reconquista invitamos a todo el Pueblo de Dios a participar de la celebraci\u00f3n de la Santa Misa, donde el <a class=\"mh-excerpt-more\" href=\"https:\/\/www.obispadorqta.org.ar\/v3\/acolitado-seminarista-nestor-fabian-martinez\/\" title=\"Acolitado Seminarista N\u00e9stor Fabi\u00e1n Mart\u00ednez\">[&#8230;]<\/a><\/p>\n<\/div>","protected":false},"author":2,"featured_media":9164,"comment_status":"closed","ping_status":"open","sticky":false,"template":"","format":"standard","meta":{"footnotes":""},"categories":[6,28],"tags":[],"class_list":["post-9729","post","type-post","status-publish","format-standard","has-post-thumbnail","hentry","category-news","category-latest-news"],"_links":{"self":[{"href":"https:\/\/www.obispadorqta.org.ar\/v3\/wp-json\/wp\/v2\/posts\/9729","targetHints":{"allow":["GET"]}}],"collection":[{"href":"https:\/\/www.obispadorqta.org.ar\/v3\/wp-json\/wp\/v2\/posts"}],"about":[{"href":"https:\/\/www.obispadorqta.org.ar\/v3\/wp-json\/wp\/v2\/types\/post"}],"author":[{"embeddable":true,"href":"https:\/\/www.obispadorqta.org.ar\/v3\/wp-json\/wp\/v2\/users\/2"}],"replies":[{"embeddable":true,"href":"https:\/\/www.obispadorqta.org.ar\/v3\/wp-json\/wp\/v2\/comments?post=9729"}],"version-history":[{"count":1,"href":"https:\/\/www.obispadorqta.org.ar\/v3\/wp-json\/wp\/v2\/posts\/9729\/revisions"}],"predecessor-version":[{"id":9730,"href":"https:\/\/www.obispadorqta.org.ar\/v3\/wp-json\/wp\/v2\/posts\/9729\/revisions\/9730"}],"wp:featuredmedia":[{"embeddable":true,"href":"https:\/\/www.obispadorqta.org.ar\/v3\/wp-json\/wp\/v2\/media\/9164"}],"wp:attachment":[{"href":"https:\/\/www.obispadorqta.org.ar\/v3\/wp-json\/wp\/v2\/media?parent=9729"}],"wp:term":[{"taxonomy":"category","embeddable":true,"href":"https:\/\/www.obispadorqta.org.ar\/v3\/wp-json\/wp\/v2\/categories?post=9729"},{"taxonomy":"post_tag","embeddable":true,"href":"https:\/\/www.obispadorqta.org.ar\/v3\/wp-json\/wp\/v2\/tags?post=9729"}],"curies":[{"name":"wp","href":"https:\/\/api.w.org\/{rel}","templated":true}]}}