{"id":973,"date":"2014-09-16T12:26:45","date_gmt":"2014-09-16T12:26:45","guid":{"rendered":"http:\/\/www.obispadorqta.org.ar\/v3\/preparando-el-corazon-para-visitrla\/"},"modified":"2014-09-16T12:26:45","modified_gmt":"2014-09-16T12:26:45","slug":"preparando-el-corazon-para-visitrla","status":"publish","type":"post","link":"https:\/\/www.obispadorqta.org.ar\/v3\/preparando-el-corazon-para-visitrla\/","title":{"rendered":"Preparando el coraz\u00f3n para visitarla&#8230;"},"content":{"rendered":"<div style=\"text-align: center\"><img loading=\"lazy\" decoding=\"async\" src=\"https:\/\/scontent-a-mia.xx.fbcdn.net\/hphotos-xaf1\/v\/t1.0-9\/10626496_670534433043051_5384245640749383010_n.jpg?oh=a034d2b96e19affb141f96dac259c705&#038;oe=549BE673\" border=\"0\" width=\"325\" height=\"463\" \/>  <\/div>\n<p>Informamos algunas cuestiones pr\u00e1cticas a tener en cuenta con respeto a la XXXV Peregrinaci\u00f3n Juvenil a la Bas\u00edlica de Nuestra Se\u00f1ora de Irat\u00ed (Ctes.), a realizarse los d\u00edas 20 y 21 de septiembre del corriente a\u00f1o:<\/p>\n<p>1. El horario de partida de los peregrinos de nuestra di\u00f3cesis ser\u00e1 a las 12.00 desde la Erag\u00eda, previa bendici\u00f3n de un Presb\u00edtero.<\/p>\n<p>2. La Misa central se celebrar\u00e1 el d\u00eda Domingo a las 9.00, frente a la Bas\u00edlica.<\/p>\n<p>3. El color que\u00a0 identifica a nuestra Di\u00f3cesis es el anaranjado.<\/p>\n<p>4. La gente que estar\u00e1 prestando servicio a los peregrinos de la Di\u00f3cesis de Reconquista, identificados con el color anaranjado.<\/p>\n<div style=\"text-align: center\">\u00a0<\/div>\n","protected":false},"excerpt":{"rendered":"<div class=\"mh-excerpt\"><div style=\"text-align: center\"><img loading=\"lazy\" decoding=\"async\" src=\"https:\/\/scontent-a-mia.xx.fbcdn.net\/hphotos-xaf1\/v\/t1.0-9\/10626496_670534433043051_5384245640749383010_n.jpg?oh=a034d2b96e19affb141f96dac259c705&#038;oe=549BE673\" border=\"0\" width=\"325\" height=\"463\" \/> <\/p>\n<\/div>","protected":false},"author":1,"featured_media":0,"comment_status":"open","ping_status":"open","sticky":false,"template":"","format":"standard","meta":{"footnotes":""},"categories":[28],"tags":[],"class_list":["post-973","post","type-post","status-publish","format-standard","hentry","category-latest-news"],"_links":{"self":[{"href":"https:\/\/www.obispadorqta.org.ar\/v3\/wp-json\/wp\/v2\/posts\/973","targetHints":{"allow":["GET"]}}],"collection":[{"href":"https:\/\/www.obispadorqta.org.ar\/v3\/wp-json\/wp\/v2\/posts"}],"about":[{"href":"https:\/\/www.obispadorqta.org.ar\/v3\/wp-json\/wp\/v2\/types\/post"}],"author":[{"embeddable":true,"href":"https:\/\/www.obispadorqta.org.ar\/v3\/wp-json\/wp\/v2\/users\/1"}],"replies":[{"embeddable":true,"href":"https:\/\/www.obispadorqta.org.ar\/v3\/wp-json\/wp\/v2\/comments?post=973"}],"version-history":[{"count":0,"href":"https:\/\/www.obispadorqta.org.ar\/v3\/wp-json\/wp\/v2\/posts\/973\/revisions"}],"wp:attachment":[{"href":"https:\/\/www.obispadorqta.org.ar\/v3\/wp-json\/wp\/v2\/media?parent=973"}],"wp:term":[{"taxonomy":"category","embeddable":true,"href":"https:\/\/www.obispadorqta.org.ar\/v3\/wp-json\/wp\/v2\/categories?post=973"},{"taxonomy":"post_tag","embeddable":true,"href":"https:\/\/www.obispadorqta.org.ar\/v3\/wp-json\/wp\/v2\/tags?post=973"}],"curies":[{"name":"wp","href":"https:\/\/api.w.org\/{rel}","templated":true}]}}